{"id":139684,"date":"2024-09-19T08:25:14","date_gmt":"2024-09-19T11:25:14","guid":{"rendered":"https:\/\/vinasfm.com\/noticias\/?p=139684"},"modified":"2024-09-20T08:38:39","modified_gmt":"2024-09-20T11:38:39","slug":"con-el-eje-puesto-en-la-prevencion-el-gobierno-llevara-adelante-un-operativo-interministerial-por-el-dia-del-estudiante","status":"publish","type":"post","link":"https:\/\/vinasfm.com\/noticias\/con-el-eje-puesto-en-la-prevencion-el-gobierno-llevara-adelante-un-operativo-interministerial-por-el-dia-del-estudiante\/","title":{"rendered":"CON EL EJE PUESTO EN LA PREVENCI\u00d3N, EL GOBIERNO LLEVAR\u00c1 ADELANTE UN OPERATIVO INTERMINISTERIAL POR EL D\u00cdA DEL ESTUDIANTE"},"content":{"rendered":"<h4><span style=\"color: #000000;\">El objetivo es garantizar un fin de semana seguro. Para esto, se desplegar\u00e1n distintos operativos en zonas claves de la provincia. Se intensificar\u00e1n los controles de alcoholemia y la vigilancia en \u00e1reas naturales. El Plan Provincial de Manejo del Fuego advierte sobre las estrictas sanciones por encender fuego en lugares no permitidos.<\/span><\/h4>\n<p><span style=\"color: #000000;\">El Gobierno de Mendoza pondr\u00e1 en marcha un operativo interministerial en el marco de los festejos por el D\u00eda del Estudiante. Con el eje puesto en la prevenci\u00f3n, el <em>director general de Relaciones con la Comunidad<\/em>, <span style=\"color: #003366;\"><strong>Hern\u00e1n Amat<\/strong><\/span>; el <em>coordinador del Plan Provincial de Manejo del Fuego<\/em>, <span style=\"color: #003366;\"><strong>Diego Mart\u00ed<\/strong><\/span>, y el <em>jefe del departamento de N\u00e1utica<\/em>, <span style=\"color: #003366;\"><strong>Hugo Di Rocco<\/strong><\/span>, dieron recomendaciones para que este d\u00eda de la primavera se desarrolle de manera segura y ordenada.<\/span><\/p>\n<p><span style=\"color: #000000;\">Desde el jueves por la ma\u00f1ana y hasta el pr\u00f3ximo lunes, el <strong>Ministerio de Seguridad y Justicia llevar\u00e1 adelante maniobras preventivas en zonas gastron\u00f3micas, rutas, boliches, espacios verdes, espejos de agua y Alta Monta\u00f1a<\/strong>. En el \u00e1mbito de la seguridad vial, se realizar\u00e1n controles de alcoholemia en rutas y accesos a la provincia.<\/span><\/p>\n<p><span style=\"color: #000000;\">El prop\u00f3sito de estos controles es <strong>prevenir accidentes y garantizar la seguridad de quienes circulan.<\/strong> Adem\u00e1s, <strong>se busca promover conductas responsables<\/strong>, destacando la importancia de contar con un conductor designado en las celebraciones.<\/span><\/p>\n<p><span style=\"color: #000000;\">La Subdirecci\u00f3n de Control de Eventos y Locales de Esparcimiento intensificar\u00e1 las inspecciones en bares y restaurantes. Se realizar\u00e1n en conjunto con los municipios, quienes controlar\u00e1n eventos y fiestas en toda la provincia. <strong>Habr\u00e1 puestos en distintos puntos de la provincia para promover el conductor designado.<\/strong><\/span><\/p>\n<p><span style=\"color: #000000;\">En relaci\u00f3n con las actividades en espejos de agua, <strong>la Divisi\u00f3n de Inspectores del Departamento N\u00e1utica llevar\u00e1 adelante controles para supervisar que las embarcaciones cumplan con la documentaci\u00f3n y elementos de seguridad requeridos.<\/strong> La navegaci\u00f3n nocturna y el nado en aguas abiertas est\u00e1n prohibidas en todos los embalses. L<strong>as infracciones a estas normas pueden derivar en multas de entre $19.000 y $1.270.000, seg\u00fan la gravedad.<\/strong> Adem\u00e1s, la polic\u00eda llevar\u00e1 a cabo distintos controles de alcoholemia en las embarcaciones.<\/span><\/p>\n<p><span style=\"color: #000000;\">El Ministerio de Energ\u00eda y Ambiente tambi\u00e9n participar\u00e1 en el operativo, a trav\u00e9s de la Direcci\u00f3n de \u00c1reas Protegidas y la Direcci\u00f3n de Biodiversidad, para supervisar el cumplimiento de las leyes de protecci\u00f3n ambiental. Bomberos y otros cuerpos de seguridad colaborar\u00e1n en la prevenci\u00f3n de incendios, especialmente en las zonas m\u00e1s concurridas durante el fin de semana.<\/span><\/p>\n<p><span style=\"color: #000000;\">Desde el Plan Provincial de Manejo del Fuego hicieron hincapi\u00e9 en que <strong>solo se puede hacer fuego en los lugares habilitados -campings y clubes- y dejaron en claro que las churrasqueras a la orilla de la ruta no son lugares habilitados.<\/strong> Las sanciones por el incumplimiento de esta norma var\u00edan seg\u00fan la gravedad del incidente, c<strong>on multas que van desde $50.800 hasta $17.780.000.<\/strong> Para reportar cualquier uso indebido del fuego, se debe contactar al 911 o a la Subsecretar\u00eda de Ambiente.<\/span><\/p>\n<p><a href=\"https:\/\/vinasfm.com\/noticias\/wp-content\/uploads\/2022\/09\/FOTOS-Festejo-Dia-del-Estudiante-y-de-la-Primavera-en-el-Club-Banco-Nacion_MG_1688.jpg\"><img loading=\"lazy\" decoding=\"async\" class=\"alignnone wp-image-113670\" src=\"https:\/\/vinasfm.com\/noticias\/wp-content\/uploads\/2022\/09\/FOTOS-Festejo-Dia-del-Estudiante-y-de-la-Primavera-en-el-Club-Banco-Nacion_MG_1688-1024x576.jpg\" alt=\"\" width=\"600\" height=\"338\" srcset=\"https:\/\/vinasfm.com\/noticias\/wp-content\/uploads\/2022\/09\/FOTOS-Festejo-Dia-del-Estudiante-y-de-la-Primavera-en-el-Club-Banco-Nacion_MG_1688-1024x576.jpg 1024w, https:\/\/vinasfm.com\/noticias\/wp-content\/uploads\/2022\/09\/FOTOS-Festejo-Dia-del-Estudiante-y-de-la-Primavera-en-el-Club-Banco-Nacion_MG_1688-300x169.jpg 300w, https:\/\/vinasfm.com\/noticias\/wp-content\/uploads\/2022\/09\/FOTOS-Festejo-Dia-del-Estudiante-y-de-la-Primavera-en-el-Club-Banco-Nacion_MG_1688-768x432.jpg 768w, https:\/\/vinasfm.com\/noticias\/wp-content\/uploads\/2022\/09\/FOTOS-Festejo-Dia-del-Estudiante-y-de-la-Primavera-en-el-Club-Banco-Nacion_MG_1688-1536x864.jpg 1536w, https:\/\/vinasfm.com\/noticias\/wp-content\/uploads\/2022\/09\/FOTOS-Festejo-Dia-del-Estudiante-y-de-la-Primavera-en-el-Club-Banco-Nacion_MG_1688-1140x641.jpg 1140w, https:\/\/vinasfm.com\/noticias\/wp-content\/uploads\/2022\/09\/FOTOS-Festejo-Dia-del-Estudiante-y-de-la-Primavera-en-el-Club-Banco-Nacion_MG_1688.jpg 1920w\" sizes=\"auto, (max-width: 600px) 100vw, 600px\" \/><\/a><\/p>\n<h2><span style=\"color: #000000;\"><strong>Los detalles del operativo<\/strong><\/span><\/h2>\n<p><span style=\"color: #000000;\"><em><strong>\u201cEstamos trabajando en conjunto con los municipios para este fin de semana. Los preventores actuar\u00e1n de forma preventiva, y no se permitir\u00e1 realizar fuego en ning\u00fan lugar que no est\u00e9 habilitado, solo en campings o clubes\u201d<\/strong><\/em>, explic\u00f3 Diego Mart\u00ed. De esta manera, record\u00f3 que <em><strong>\u201cla utilizaci\u00f3n del fuego como herramienta est\u00e1 prohibida. Las multas por hacerlo de forma clandestina ascienden a m\u00e1s de 17 millones de pesos, adem\u00e1s de las posibles penas que pueda determinar la justicia ordinaria\u201d.<\/strong><\/em><\/span><\/p>\n<p><span style=\"color: #000000;\">Para cerrar, el coordinador del Plan Provincial del Manejo del Fuego pidi\u00f3 que <em><strong>\u201cse tome conciencia respecto a la utilizaci\u00f3n del fuego en cualquier \u00e1mbito, inclusive en el hogar. Las condiciones actuales, con viento Zonda y baja humedad, propician que el fuego tome un comportamiento extremo, lo que lo vuelve a\u00fan m\u00e1s peligroso\u201d.<\/strong><\/em><\/span><\/p>\n<p><span style=\"color: #000000;\"><em><strong>\u201cQueremos que los festejos del D\u00eda del Estudiante se desarrollen en paz y sin inconvenientes. Estos operativos ser\u00e1n preventivos, buscando que el fin de semana termine de manera positiva\u201d<\/strong><\/em>, sostuvo Hern\u00e1n Amat. En ese sentido, sum\u00f3: <em><strong>\u201cVamos a ser muy exhaustivos en los controles de alcohol en los principales puntos como El Carrizal, Potrerillos, Valle Grande, el Manzano Hist\u00f3rico y el Parque General San Mart\u00edn. Es fundamental que la gente sea consciente y precavida en c\u00f3mo se lleven adelante los festejos\u201d.<\/strong><\/em><\/span><\/p>\n<p><span style=\"color: #000000;\">Asimismo, el director general de Relaciones con la Comunidad dej\u00f3 en claro que <em><strong>\u201ctambi\u00e9n apelamos a la conciencia de los padres, que informen a los chicos y los gu\u00eden en este tipo de celebraciones. Necesitamos la colaboraci\u00f3n de todos para que los festejos sean seguros\u201d.<\/strong><\/em> Para finalizar, record\u00f3 que desde ma\u00f1ana <em><strong>\u201chay alerta de viento Zonda, por lo que es crucial que las personas tomen precauciones, especialmente en cuanto a la prohibici\u00f3n de encender fuego en lugares no habilitados\u201d.\u00a0<\/strong><\/em><\/span><\/p>\n","protected":false},"excerpt":{"rendered":"<p>El objetivo es garantizar un fin de semana seguro. Para esto, se desplegar\u00e1n distintos operativos en zonas claves de la provincia. &#8230;<\/p>\n","protected":false},"author":7,"featured_media":139687,"comment_status":"open","ping_status":"open","sticky":false,"template":"","format":"standard","meta":{"footnotes":""},"categories":[5,33],"tags":[],"class_list":["post-139684","post","type-post","status-publish","format-standard","has-post-thumbnail","hentry","category-actualidad","category-seguridad"],"_links":{"self":[{"href":"https:\/\/vinasfm.com\/noticias\/wp-json\/wp\/v2\/posts\/139684","targetHints":{"allow":["GET"]}}],"collection":[{"href":"https:\/\/vinasfm.com\/noticias\/wp-json\/wp\/v2\/posts"}],"about":[{"href":"https:\/\/vinasfm.com\/noticias\/wp-json\/wp\/v2\/types\/post"}],"author":[{"embeddable":true,"href":"https:\/\/vinasfm.com\/noticias\/wp-json\/wp\/v2\/users\/7"}],"replies":[{"embeddable":true,"href":"https:\/\/vinasfm.com\/noticias\/wp-json\/wp\/v2\/comments?post=139684"}],"version-history":[{"count":1,"href":"https:\/\/vinasfm.com\/noticias\/wp-json\/wp\/v2\/posts\/139684\/revisions"}],"predecessor-version":[{"id":139688,"href":"https:\/\/vinasfm.com\/noticias\/wp-json\/wp\/v2\/posts\/139684\/revisions\/139688"}],"wp:featuredmedia":[{"embeddable":true,"href":"https:\/\/vinasfm.com\/noticias\/wp-json\/wp\/v2\/media\/139687"}],"wp:attachment":[{"href":"https:\/\/vinasfm.com\/noticias\/wp-json\/wp\/v2\/media?parent=139684"}],"wp:term":[{"taxonomy":"category","embeddable":true,"href":"https:\/\/vinasfm.com\/noticias\/wp-json\/wp\/v2\/categories?post=139684"},{"taxonomy":"post_tag","embeddable":true,"href":"https:\/\/vinasfm.com\/noticias\/wp-json\/wp\/v2\/tags?post=139684"}],"curies":[{"name":"wp","href":"https:\/\/api.w.org\/{rel}","templated":true}]}}