{"id":139678,"date":"2024-09-18T19:45:47","date_gmt":"2024-09-18T22:45:47","guid":{"rendered":"https:\/\/vinasfm.com\/noticias\/?p=139678"},"modified":"2024-09-18T19:45:47","modified_gmt":"2024-09-18T22:45:47","slug":"jueves-19-de-septiembre-se-suspenden-las-clases-presenciales-en-toda-la-provincia","status":"publish","type":"post","link":"https:\/\/vinasfm.com\/noticias\/jueves-19-de-septiembre-se-suspenden-las-clases-presenciales-en-toda-la-provincia\/","title":{"rendered":"JUEVES 19 DE SEPTIEMBRE: SE SUSPENDEN LAS CLASES PRESENCIALES EN TODA LA PROVINCIA"},"content":{"rendered":"<h4><strong>La medida ser\u00e1 para el turno ma\u00f1ana y afecta a todos los niveles y modalidades.<\/strong><\/h4>\n<p>Debido a los pron\u00f3sticos meteorol\u00f3gicos que confirman intensas r\u00e1fagas de viento Zonda y siguiendo las recomendaciones de la Direcci\u00f3n de Defensa Civil, la Direcci\u00f3n General de Escuelas (DGE) informa que para este jueves 19 de septiembre se ha determinado la suspensi\u00f3n de clases presenciales en el turno ma\u00f1ana en las escuelas de todos los niveles y modalidades toda la provincia.<\/p>\n<p>La actividad escolar deber\u00e1 desarrollarse de manera virtual a trav\u00e9s de la plataforma educativa Escuela Digital Mendoza.<\/p>\n<p>En horas de la ma\u00f1ana se informar\u00e1n las medidas para el turno tarde.<\/p>\n","protected":false},"excerpt":{"rendered":"<p>La medida ser\u00e1 para el turno ma\u00f1ana y afecta a todos los niveles y modalidades. Debido a los pron\u00f3sticos meteorol\u00f3gicos que &#8230;<\/p>\n","protected":false},"author":7,"featured_media":128659,"comment_status":"open","ping_status":"open","sticky":false,"template":"","format":"standard","meta":{"footnotes":""},"categories":[1],"tags":[],"class_list":["post-139678","post","type-post","status-publish","format-standard","has-post-thumbnail","hentry","category-fmvinas"],"_links":{"self":[{"href":"https:\/\/vinasfm.com\/noticias\/wp-json\/wp\/v2\/posts\/139678","targetHints":{"allow":["GET"]}}],"collection":[{"href":"https:\/\/vinasfm.com\/noticias\/wp-json\/wp\/v2\/posts"}],"about":[{"href":"https:\/\/vinasfm.com\/noticias\/wp-json\/wp\/v2\/types\/post"}],"author":[{"embeddable":true,"href":"https:\/\/vinasfm.com\/noticias\/wp-json\/wp\/v2\/users\/7"}],"replies":[{"embeddable":true,"href":"https:\/\/vinasfm.com\/noticias\/wp-json\/wp\/v2\/comments?post=139678"}],"version-history":[{"count":1,"href":"https:\/\/vinasfm.com\/noticias\/wp-json\/wp\/v2\/posts\/139678\/revisions"}],"predecessor-version":[{"id":139679,"href":"https:\/\/vinasfm.com\/noticias\/wp-json\/wp\/v2\/posts\/139678\/revisions\/139679"}],"wp:featuredmedia":[{"embeddable":true,"href":"https:\/\/vinasfm.com\/noticias\/wp-json\/wp\/v2\/media\/128659"}],"wp:attachment":[{"href":"https:\/\/vinasfm.com\/noticias\/wp-json\/wp\/v2\/media?parent=139678"}],"wp:term":[{"taxonomy":"category","embeddable":true,"href":"https:\/\/vinasfm.com\/noticias\/wp-json\/wp\/v2\/categories?post=139678"},{"taxonomy":"post_tag","embeddable":true,"href":"https:\/\/vinasfm.com\/noticias\/wp-json\/wp\/v2\/tags?post=139678"}],"curies":[{"name":"wp","href":"https:\/\/api.w.org\/{rel}","templated":true}]}}