{"id":139648,"date":"2024-09-17T20:27:13","date_gmt":"2024-09-17T23:27:13","guid":{"rendered":"https:\/\/vinasfm.com\/noticias\/?p=139648"},"modified":"2024-09-19T09:08:40","modified_gmt":"2024-09-19T12:08:40","slug":"un-matrimonio-proeniente-de-buenos-aires-volco-en-ruta-188","status":"publish","type":"post","link":"https:\/\/vinasfm.com\/noticias\/un-matrimonio-proeniente-de-buenos-aires-volco-en-ruta-188\/","title":{"rendered":"UN MATRIMONIO PROENIENTE DE BUENOS AIRES VOLC\u00d3 EN RUTA 188"},"content":{"rendered":"<h4><span style=\"color: #000000;\">El hecho ocurri\u00f3 en la tarde del martes, en el kil\u00f3metro 771 de la mencionada ruta. El hombre que viajaba como acompa\u00f1ante fue trasladado al Hospital Teodoro J. Schestakow.\u00a0<\/span><\/h4>\n<p><span style=\"color: #000000;\">Seg\u00fan trasendi\u00f3, la conductora del veh\u00edculo <strong>-una camioneta marca Ford Eco Sport dominio AB 886 OL-<\/strong> que circulaba con destino a San Rafael <strong>perdi\u00f3 el dominio del volante, por lo que el rodado comenz\u00f3 a dar varios tumbos quedando en la orilla<\/strong>, a unos 40 metros de la ruta, apoyado sobre sus cuatro ruedas.<\/span><\/p>\n<p><span style=\"color: #000000;\">El acompa\u00f1ante, un hombre de 54 a\u00f1os, fue diagnosticado con <b>traumatismo enc\u00e9falo-craneano (TEC) grave<\/b>, por lo que se orden\u00f3 su traslado al hospital Schestakow de San Rafael. Mientras que la<b>\u00a0mujer, de 51 a\u00f1os, sufri\u00f3 politraumatismos.<\/b><\/span><\/p>\n","protected":false},"excerpt":{"rendered":"<p>El hecho ocurri\u00f3 en la tarde del martes, en el kil\u00f3metro 771 de la mencionada ruta. El hombre que viajaba como &#8230;<\/p>\n","protected":false},"author":7,"featured_media":139649,"comment_status":"open","ping_status":"open","sticky":false,"template":"","format":"standard","meta":{"footnotes":""},"categories":[1,4,184],"tags":[],"class_list":["post-139648","post","type-post","status-publish","format-standard","has-post-thumbnail","hentry","category-fmvinas","category-policiales","category-siniestro-vial"],"_links":{"self":[{"href":"https:\/\/vinasfm.com\/noticias\/wp-json\/wp\/v2\/posts\/139648","targetHints":{"allow":["GET"]}}],"collection":[{"href":"https:\/\/vinasfm.com\/noticias\/wp-json\/wp\/v2\/posts"}],"about":[{"href":"https:\/\/vinasfm.com\/noticias\/wp-json\/wp\/v2\/types\/post"}],"author":[{"embeddable":true,"href":"https:\/\/vinasfm.com\/noticias\/wp-json\/wp\/v2\/users\/7"}],"replies":[{"embeddable":true,"href":"https:\/\/vinasfm.com\/noticias\/wp-json\/wp\/v2\/comments?post=139648"}],"version-history":[{"count":1,"href":"https:\/\/vinasfm.com\/noticias\/wp-json\/wp\/v2\/posts\/139648\/revisions"}],"predecessor-version":[{"id":139650,"href":"https:\/\/vinasfm.com\/noticias\/wp-json\/wp\/v2\/posts\/139648\/revisions\/139650"}],"wp:featuredmedia":[{"embeddable":true,"href":"https:\/\/vinasfm.com\/noticias\/wp-json\/wp\/v2\/media\/139649"}],"wp:attachment":[{"href":"https:\/\/vinasfm.com\/noticias\/wp-json\/wp\/v2\/media?parent=139648"}],"wp:term":[{"taxonomy":"category","embeddable":true,"href":"https:\/\/vinasfm.com\/noticias\/wp-json\/wp\/v2\/categories?post=139648"},{"taxonomy":"post_tag","embeddable":true,"href":"https:\/\/vinasfm.com\/noticias\/wp-json\/wp\/v2\/tags?post=139648"}],"curies":[{"name":"wp","href":"https:\/\/api.w.org\/{rel}","templated":true}]}}