{"id":139639,"date":"2024-09-17T11:42:34","date_gmt":"2024-09-17T14:42:34","guid":{"rendered":"https:\/\/vinasfm.com\/noticias\/?p=139639"},"modified":"2024-09-18T10:55:49","modified_gmt":"2024-09-18T13:55:49","slug":"dia-del-empleado-de-comercio-cuando-no-abriran-los-supermercados-y-shoppings-de-mendoza","status":"publish","type":"post","link":"https:\/\/vinasfm.com\/noticias\/dia-del-empleado-de-comercio-cuando-no-abriran-los-supermercados-y-shoppings-de-mendoza\/","title":{"rendered":"D\u00cdA DEL EMPLEADO DE COMERCIO: CU\u00c1NDO NO ABRIR\u00c1N LOS SUPERMERCADOS Y SHOPPINGS DE MENDOZA"},"content":{"rendered":"<h4><strong>Por el\u00a0D\u00eda del empleado de comercio,\u00a0la actividad se paralizar\u00e1\u00a0el lunes 23 de septiembre. De esta forma, no abrir\u00e1n sus puertas desde peque\u00f1os locales hasta supermercados y shoppings.<\/strong><\/h4>\n<p>Seg\u00fan lo informado por el Centro de Empleados de Comercio, si bien se celebra por ley el 26 de septiembre, de acuerdo con la norma 26.541, independientemente de la fecha que de acuerdo al calendario corresponda, se trasladar\u00e1 y celebrar\u00e1 sin actividad comercial el cuarto lunes de septiembre.<\/p>\n<p>El Centro Empleados de Mendoza y las C\u00e1maras de Comercio: Uni\u00f3n Comercial e Industrial de Mendoza (UCIM), C\u00e1mara Empresaria, Comercio, Industria, Turismo y Servicios de Mendoza (CECITYS) y la Federaci\u00f3n Econ\u00f3mica de Mendoza (FEM) confirmaron la plena vigencia del acuerdo de la fecha referida a la celebraci\u00f3n del D\u00eda del Empleado de Comercio.<\/p>\n<aside class=\"scaip scaip-1 \"><\/aside>\n<p>Tambi\u00e9n adhieren las\u00a0<strong>cadenas de supermercados, hipermercados, mayoristas, shopping y comercios minoristas, extensiva para toda la provincia.<\/strong><\/p>\n<p>&nbsp;<\/p>\n","protected":false},"excerpt":{"rendered":"<p>Por el\u00a0D\u00eda del empleado de comercio,\u00a0la actividad se paralizar\u00e1\u00a0el lunes 23 de septiembre. De esta forma, no abrir\u00e1n sus puertas desde &#8230;<\/p>\n","protected":false},"author":7,"featured_media":228,"comment_status":"open","ping_status":"open","sticky":false,"template":"","format":"standard","meta":{"footnotes":""},"categories":[5,69],"tags":[],"class_list":["post-139639","post","type-post","status-publish","format-standard","has-post-thumbnail","hentry","category-actualidad","category-comercio"],"_links":{"self":[{"href":"https:\/\/vinasfm.com\/noticias\/wp-json\/wp\/v2\/posts\/139639","targetHints":{"allow":["GET"]}}],"collection":[{"href":"https:\/\/vinasfm.com\/noticias\/wp-json\/wp\/v2\/posts"}],"about":[{"href":"https:\/\/vinasfm.com\/noticias\/wp-json\/wp\/v2\/types\/post"}],"author":[{"embeddable":true,"href":"https:\/\/vinasfm.com\/noticias\/wp-json\/wp\/v2\/users\/7"}],"replies":[{"embeddable":true,"href":"https:\/\/vinasfm.com\/noticias\/wp-json\/wp\/v2\/comments?post=139639"}],"version-history":[{"count":1,"href":"https:\/\/vinasfm.com\/noticias\/wp-json\/wp\/v2\/posts\/139639\/revisions"}],"predecessor-version":[{"id":139641,"href":"https:\/\/vinasfm.com\/noticias\/wp-json\/wp\/v2\/posts\/139639\/revisions\/139641"}],"wp:featuredmedia":[{"embeddable":true,"href":"https:\/\/vinasfm.com\/noticias\/wp-json\/wp\/v2\/media\/228"}],"wp:attachment":[{"href":"https:\/\/vinasfm.com\/noticias\/wp-json\/wp\/v2\/media?parent=139639"}],"wp:term":[{"taxonomy":"category","embeddable":true,"href":"https:\/\/vinasfm.com\/noticias\/wp-json\/wp\/v2\/categories?post=139639"},{"taxonomy":"post_tag","embeddable":true,"href":"https:\/\/vinasfm.com\/noticias\/wp-json\/wp\/v2\/tags?post=139639"}],"curies":[{"name":"wp","href":"https:\/\/api.w.org\/{rel}","templated":true}]}}