{"id":139615,"date":"2024-09-17T08:37:57","date_gmt":"2024-09-17T11:37:57","guid":{"rendered":"https:\/\/vinasfm.com\/noticias\/?p=139615"},"modified":"2024-09-18T09:00:09","modified_gmt":"2024-09-18T12:00:09","slug":"mendoza-otorgo-un-nuevo-aumento-salarial-a-policias-y-penitenciarios-de-la-provincia","status":"publish","type":"post","link":"https:\/\/vinasfm.com\/noticias\/mendoza-otorgo-un-nuevo-aumento-salarial-a-policias-y-penitenciarios-de-la-provincia\/","title":{"rendered":"MENDOZA OTORG\u00d3 UN NUEVO AUMENTO SALARIAL A POLIC\u00cdAS Y PENITENCIARIOS DE LA PROVINCIA"},"content":{"rendered":"<h4 class=\"h3 col-12 md-col-8 font-src black-3 mb1\"><span style=\"color: #000000;\">Se trata de adicionales que buscar\u00e1n \u201cengrosar\u201d el salario de los efectivos.<\/span><\/h4>\n<p><span style=\"color: #000000;\">El<b>\u00a0Gobierno Provincial\u00a0<\/b>nuevamente dispuso un\u00a0<b>aumento\u00a0<\/b>para<b>\u00a0polic\u00edas y penitenciarios de Mendoza<\/b>, quienes recibieron subas a \u00edtems por fuera del\u00a0<b>salario b\u00e1sico<\/b>, del cual ya se hab\u00eda informado el incremento para el tercer trimestre del a\u00f1o la semana pasada.<\/span><\/p>\n<p><span style=\"color: #000000;\">En este caso, la suba est\u00e1 dispuesta en el\u00a0<span style=\"color: #000080;\"><a style=\"color: #000080;\" href=\"https:\/\/boe.mendoza.gov.ar\/publico\/pdf_pedido\/cf81fd5e4a0ab1ea0503bc8e0cbc887f25ab7e1366\" target=\"_blank\" rel=\"noopener\"><b>decreto 1686<\/b><\/a>\u00a0<\/span>del\u00a0<b>Bolet\u00edn Oficial\u00a0<\/b>de este martes.<\/span><\/p>\n<p><span style=\"color: #000000;\">En el mismo, se dispone una suba al adicional \u201c<b>Fortalecimiento de la Labor Policial\u00a0<\/b>(\u00edtem 1437) y\u00a0<b>Adicional Fortalecimiento de la Labor Penitenciaria<\/b>\u00a0(\u00edtem 1441)\u201d.<\/span><\/p>\n<p><span style=\"color: #000000;\">Los mismos pasar\u00e1n a partir de los sueldos de agosto (que ya se cobraron) del\u00a0<b>95% al 98%<\/b>, respectivamente. \u201cS\u00f3lo se modifica el porcentaje del \u00edtem sin modificar su forma de c\u00e1lculo, naturaleza o car\u00e1cter del mismo\u201d, acotaron en el art\u00edculo 1.<\/span><\/p>\n<p><span style=\"color: #000000;\">En tanto, en el art\u00edculo 2 se otorg\u00f3 un incremento \u201csobre el\u00a0<b>Adicional Personal de Seguridad\u00a0<\/b>(\u00edtem 1433), para el\u00a0<b>Personal Policial\u00a0<\/b>comprendido en la Ley N\u00ba 6722 y el\u00a0<b>Personal Penitenciario\u00a0<\/b>comprendido en la Ley N\u00ba 7493 y sus correspondientes modificatorias y reglamentarias\u201d.<\/span><\/p>\n<p><span style=\"color: #000000;\">En este caso, la suba ser\u00e1 a partir de agosto del<b>\u00a019% al 21%.<\/b>\u00a0En el mismo caso, advirtieron que \u201cs\u00f3lo se modifica el porcentaje del \u00edtem sin modificar su forma de c\u00e1lculo, naturaleza o car\u00e1cter del mismo\u201d.<\/span><\/p>\n<p><span style=\"color: #000000;\">Mientras tanto, acotaron que lo dispuesto en este decreto \u201ctendr\u00e1 vigencia para todo el personal de los reg\u00edmenes salariales previstos por las Leyes N\u00ba 6722 y 7493 y modificatorias, como as\u00ed tambi\u00e9n para los beneficiarios del\u00a0<b>R\u00e9gimen de Retiros y Pensiones del Personal Policial y del Servicio Penitenciario<\/b>\u00a0de la Provincia de Mendoza, de conformidad con las pautas de movilidad previstas en el Art\u00edculo 11 del Decreto-Ley N\u00ba 4176\/77 y sus modificatorias\u201d.<\/span><\/p>\n","protected":false},"excerpt":{"rendered":"<p>Se trata de adicionales que buscar\u00e1n \u201cengrosar\u201d el salario de los efectivos. El\u00a0Gobierno Provincial\u00a0nuevamente dispuso un\u00a0aumento\u00a0para\u00a0polic\u00edas y penitenciarios de Mendoza, quienes &#8230;<\/p>\n","protected":false},"author":7,"featured_media":134540,"comment_status":"open","ping_status":"open","sticky":false,"template":"","format":"standard","meta":{"footnotes":""},"categories":[169,77],"tags":[],"class_list":["post-139615","post","type-post","status-publish","format-standard","has-post-thumbnail","hentry","category-aumentos","category-gobierno"],"_links":{"self":[{"href":"https:\/\/vinasfm.com\/noticias\/wp-json\/wp\/v2\/posts\/139615","targetHints":{"allow":["GET"]}}],"collection":[{"href":"https:\/\/vinasfm.com\/noticias\/wp-json\/wp\/v2\/posts"}],"about":[{"href":"https:\/\/vinasfm.com\/noticias\/wp-json\/wp\/v2\/types\/post"}],"author":[{"embeddable":true,"href":"https:\/\/vinasfm.com\/noticias\/wp-json\/wp\/v2\/users\/7"}],"replies":[{"embeddable":true,"href":"https:\/\/vinasfm.com\/noticias\/wp-json\/wp\/v2\/comments?post=139615"}],"version-history":[{"count":1,"href":"https:\/\/vinasfm.com\/noticias\/wp-json\/wp\/v2\/posts\/139615\/revisions"}],"predecessor-version":[{"id":139616,"href":"https:\/\/vinasfm.com\/noticias\/wp-json\/wp\/v2\/posts\/139615\/revisions\/139616"}],"wp:featuredmedia":[{"embeddable":true,"href":"https:\/\/vinasfm.com\/noticias\/wp-json\/wp\/v2\/media\/134540"}],"wp:attachment":[{"href":"https:\/\/vinasfm.com\/noticias\/wp-json\/wp\/v2\/media?parent=139615"}],"wp:term":[{"taxonomy":"category","embeddable":true,"href":"https:\/\/vinasfm.com\/noticias\/wp-json\/wp\/v2\/categories?post=139615"},{"taxonomy":"post_tag","embeddable":true,"href":"https:\/\/vinasfm.com\/noticias\/wp-json\/wp\/v2\/tags?post=139615"}],"curies":[{"name":"wp","href":"https:\/\/api.w.org\/{rel}","templated":true}]}}