{"id":139596,"date":"2024-09-16T12:22:48","date_gmt":"2024-09-16T15:22:48","guid":{"rendered":"https:\/\/vinasfm.com\/noticias\/?p=139596"},"modified":"2024-09-17T10:27:48","modified_gmt":"2024-09-17T13:27:48","slug":"divididos-se-presentara-en-andes-f-c-este-sabado","status":"publish","type":"post","link":"https:\/\/vinasfm.com\/noticias\/divididos-se-presentara-en-andes-f-c-este-sabado\/","title":{"rendered":"DIVIDIDOS SE PRESENTAR\u00c1 EN ANDES F.C. ESTE S\u00c1BADO"},"content":{"rendered":"<h4><span style=\"color: #000000;\">General Alvear le dar\u00e1 la bienvenida a la primavera con artistas de lujo.<\/span><\/h4>\n<p><span style=\"color: #000000;\">Replicando las celebraciones en el resto de la provincia, el Municipio propuso celebrar el D\u00eda del Estudiante y la llegada de la primavera a lo grande. Y es que la reconocida banda \u00abDivididos\u00bb regresa a General Alvear luego de 7 a\u00f1os, <strong>su presentaci\u00f3n promete ser un espect\u00e1culo impactante y sin precedentes en la cultura alvearense. <\/strong><\/span><\/p>\n<p><span style=\"color: #000000;\">Con la participaci\u00f3n de bandas locales, el grupo liderado por Ricardo Mollo <strong>se presentar\u00e1 el s\u00e1bado 21 de septiembre en el estadio de Andes F. C. A\u00fan quedan entradas disponibles con un valor de $30.000. Los tickets se ofrecen con un plan especial a trav\u00e9s de Visa y Mastercard del Banco Superville, permitiendo adquirirlas en tres cuotas sin inter\u00e9s.<\/strong><\/span><\/p>\n<p><span style=\"color: #000000;\">Los fan\u00e1ticos del rock nacional podr\u00e1n presenciar el talento de los artistas sobre un enorme escenario de 50 metros cuadrados, con una boca de 20 metros que se extiende cono pantallas gigantes que permitir\u00e1n el disfrute de todos los presentes.<em><strong> \u00abHemos hecho un enorme esfuerzo para poder convertirnos en un referente del rock nacional, con la posibilidad de disfrutar un show \u00fanico y del que dif\u00edcilmente podremos tener nuevamente en General Alvear\u00bb<\/strong><\/em>, manifest\u00f3 el <em>Sr. Intendente<\/em> <span style=\"color: #003366;\"><strong>Alejandro Molero<\/strong><\/span> frente a la estructura construida desde hace una semana. <\/span><\/p>\n<p><strong><span style=\"color: #000000;\">La presentaci\u00f3n de Divididos en el departamento ser\u00e1 la \u00fanica que realizar\u00e1n en la regi\u00f3n Cuyo, previo a su presentaci\u00f3n en el Estadio Diego Maradona (Argentino Jrs, CABA), el pr\u00f3ximo 26 de octubre.<\/span><\/strong><\/p>\n<p>&nbsp;<\/p>\n","protected":false},"excerpt":{"rendered":"<p>General Alvear le dar\u00e1 la bienvenida a la primavera con artistas de lujo. Replicando las celebraciones en el resto de la &#8230;<\/p>\n","protected":false},"author":7,"featured_media":139597,"comment_status":"open","ping_status":"open","sticky":false,"template":"","format":"standard","meta":{"footnotes":""},"categories":[5,11],"tags":[],"class_list":["post-139596","post","type-post","status-publish","format-standard","has-post-thumbnail","hentry","category-actualidad","category-sociales"],"_links":{"self":[{"href":"https:\/\/vinasfm.com\/noticias\/wp-json\/wp\/v2\/posts\/139596","targetHints":{"allow":["GET"]}}],"collection":[{"href":"https:\/\/vinasfm.com\/noticias\/wp-json\/wp\/v2\/posts"}],"about":[{"href":"https:\/\/vinasfm.com\/noticias\/wp-json\/wp\/v2\/types\/post"}],"author":[{"embeddable":true,"href":"https:\/\/vinasfm.com\/noticias\/wp-json\/wp\/v2\/users\/7"}],"replies":[{"embeddable":true,"href":"https:\/\/vinasfm.com\/noticias\/wp-json\/wp\/v2\/comments?post=139596"}],"version-history":[{"count":2,"href":"https:\/\/vinasfm.com\/noticias\/wp-json\/wp\/v2\/posts\/139596\/revisions"}],"predecessor-version":[{"id":139602,"href":"https:\/\/vinasfm.com\/noticias\/wp-json\/wp\/v2\/posts\/139596\/revisions\/139602"}],"wp:featuredmedia":[{"embeddable":true,"href":"https:\/\/vinasfm.com\/noticias\/wp-json\/wp\/v2\/media\/139597"}],"wp:attachment":[{"href":"https:\/\/vinasfm.com\/noticias\/wp-json\/wp\/v2\/media?parent=139596"}],"wp:term":[{"taxonomy":"category","embeddable":true,"href":"https:\/\/vinasfm.com\/noticias\/wp-json\/wp\/v2\/categories?post=139596"},{"taxonomy":"post_tag","embeddable":true,"href":"https:\/\/vinasfm.com\/noticias\/wp-json\/wp\/v2\/tags?post=139596"}],"curies":[{"name":"wp","href":"https:\/\/api.w.org\/{rel}","templated":true}]}}