{"id":139531,"date":"2024-09-13T10:28:20","date_gmt":"2024-09-13T13:28:20","guid":{"rendered":"https:\/\/vinasfm.com\/noticias\/?p=139531"},"modified":"2024-09-16T09:03:34","modified_gmt":"2024-09-16T12:03:34","slug":"destacada-participacion-de-mendoza-en-v-congreso-argentino-de-caminos-rurales","status":"publish","type":"post","link":"https:\/\/vinasfm.com\/noticias\/destacada-participacion-de-mendoza-en-v-congreso-argentino-de-caminos-rurales\/","title":{"rendered":"DESTACADA PARTICIPACI\u00d3N DE MENDOZA EN V CONGRESO ARGENTINO DE CAMINOS RURALES"},"content":{"rendered":"<h4><span style=\"color: #000000;\">El titular de la DPV, Osvaldo Romagnoli, expuso sobre la problem\u00e1tica en nuestra provincia y el pa\u00eds y las soluciones para garantizar la transitabilidad.<\/span><\/h4>\n<p><span style=\"color: #000000;\">Mendoza tuvo una destacada participaci\u00f3n en el V Congreso Argentino de Caminos Rurales, celebrado esta semana, en la ciudad de Paran\u00e1, Entre R\u00edos.<\/span><\/p>\n<p><span style=\"color: #000000;\">El <em>administrador general de Vialidad Mendoza<\/em>, <span style=\"color: #003366;\"><strong>Osvaldo Romagn<\/strong><strong>oli<\/strong><\/span>, integr\u00f3 la <strong>Mesa Acad\u00e9mic<\/strong>a que estuvo a cargo de la apertura del encuentro, <em>junto al Gobernador de esa provincia<\/em>, <span style=\"color: #003366;\"><strong>Rogelio Frigeri<\/strong><strong>o<\/strong><\/span>, la presidenta de la <strong>Asociaci\u00f3n Argentina de Carreteras,<\/strong> <span style=\"color: #003366;\"><strong>Emma Albrieu<\/strong> <\/span>y autoridades locales y regionales.\u00a0<\/span><\/p>\n<p><span style=\"color: #000000;\">En su calidad de presidente del Consejo Vial Federal y de titular de la Direcci\u00f3n Provincial de Vialidad Mendoza, Romagnoli expuso en la primera jornada sobre la problem\u00e1tica de mantenimiento de los caminos rurales, los desaf\u00edos que se presentan en el pa\u00eds y en nuestra provincia y las diferentes soluciones que se llevan adelante o est\u00e1n en estudio para abordarlos.<\/span><\/p>\n<p><em><strong><span style=\"color: #000000;\">\u201cDesde Mendoza, presentamos en este Congreso un informe sobre nuestro plan provincial con algunas acciones en marcha y otras en estudio para estabilizar caminos rurales con \u00e1ridos; con estabilizaci\u00f3n mec\u00e1nica utilizando equipos de compactaci\u00f3n; con opciones m\u00e1s novedosas como la aplicaci\u00f3n de la econom\u00eda circular aprovechando suelos bituminosos y empetrolados y la aplicaci\u00f3n de sistemas de estabilizaci\u00f3n a partir de m\u00e9todos qu\u00edmicos\u201d.<\/span><\/strong><\/em><\/p>\n<p><span style=\"color: #000000;\">Al respecto, se\u00f1al\u00f3: <em><strong>\u201cEn Mendoza tenemos una red de 12.000 kil\u00f3metros de caminos rurales y en la Argentina esa red alcanza los 400.000 kil\u00f3metros, por lo tanto, la problem\u00e1tica es muy compleja porque la red caminera rural es muy extensa y en su gran mayor\u00eda de suelo natural, para la cual no existe una proporci\u00f3n desde el equipamiento, desde los recursos humanos y desde lo econ\u00f3mico para atenderla con plenitud\u201d.<\/strong><\/em><\/span><\/p>\n<p><span style=\"color: #000000;\">En ese sentido, detall\u00f3: <em><strong>\u201cHay provincias como Santa Fe y C\u00f3rdoba que han logrado valerse de los consorcios maniceros y sojeros que aportan y mantienen esos caminos, pero otras provincias no tienen esa opci\u00f3n\u201d.<\/strong><\/em><\/span><\/p>\n<p><span style=\"color: #000000;\">Romagnoli indic\u00f3 que tanto en Mendoza como en el pa\u00eds, hay distintos tipos de suelos que suman una complejidad puntual porque por sus caracter\u00edsticas exigen distintos tipos de soluciones para mantenerlos estabilizados.<\/span><\/p>\n<p><span style=\"color: #000000;\">Finaliz\u00f3, remarcando que la prioridad con los caminos rurales es <em><strong>\u201cgarantizar la transitabilidad m\u00e1s que la comodidad y en Mendoza estamos trabajando para instrumentar m\u00e9todos de conservaci\u00f3n m\u00e1s espaciados que nos permitan llegar a una mayor cantidad de kil\u00f3metros\u201d.<\/strong><\/em><\/span><\/p>\n","protected":false},"excerpt":{"rendered":"<p>El titular de la DPV, Osvaldo Romagnoli, expuso sobre la problem\u00e1tica en nuestra provincia y el pa\u00eds y las soluciones para &#8230;<\/p>\n","protected":false},"author":7,"featured_media":139532,"comment_status":"open","ping_status":"open","sticky":false,"template":"","format":"standard","meta":{"footnotes":""},"categories":[10,79],"tags":[],"class_list":["post-139531","post","type-post","status-publish","format-standard","has-post-thumbnail","hentry","category-destacadas","category-vialidad"],"_links":{"self":[{"href":"https:\/\/vinasfm.com\/noticias\/wp-json\/wp\/v2\/posts\/139531","targetHints":{"allow":["GET"]}}],"collection":[{"href":"https:\/\/vinasfm.com\/noticias\/wp-json\/wp\/v2\/posts"}],"about":[{"href":"https:\/\/vinasfm.com\/noticias\/wp-json\/wp\/v2\/types\/post"}],"author":[{"embeddable":true,"href":"https:\/\/vinasfm.com\/noticias\/wp-json\/wp\/v2\/users\/7"}],"replies":[{"embeddable":true,"href":"https:\/\/vinasfm.com\/noticias\/wp-json\/wp\/v2\/comments?post=139531"}],"version-history":[{"count":1,"href":"https:\/\/vinasfm.com\/noticias\/wp-json\/wp\/v2\/posts\/139531\/revisions"}],"predecessor-version":[{"id":139533,"href":"https:\/\/vinasfm.com\/noticias\/wp-json\/wp\/v2\/posts\/139531\/revisions\/139533"}],"wp:featuredmedia":[{"embeddable":true,"href":"https:\/\/vinasfm.com\/noticias\/wp-json\/wp\/v2\/media\/139532"}],"wp:attachment":[{"href":"https:\/\/vinasfm.com\/noticias\/wp-json\/wp\/v2\/media?parent=139531"}],"wp:term":[{"taxonomy":"category","embeddable":true,"href":"https:\/\/vinasfm.com\/noticias\/wp-json\/wp\/v2\/categories?post=139531"},{"taxonomy":"post_tag","embeddable":true,"href":"https:\/\/vinasfm.com\/noticias\/wp-json\/wp\/v2\/tags?post=139531"}],"curies":[{"name":"wp","href":"https:\/\/api.w.org\/{rel}","templated":true}]}}