{"id":139478,"date":"2024-09-12T12:00:03","date_gmt":"2024-09-12T15:00:03","guid":{"rendered":"https:\/\/vinasfm.com\/noticias\/?p=139478"},"modified":"2024-09-13T09:54:19","modified_gmt":"2024-09-13T12:54:19","slug":"destacado-accionar-policial-en-el-sur-mendocino","status":"publish","type":"post","link":"https:\/\/vinasfm.com\/noticias\/destacado-accionar-policial-en-el-sur-mendocino\/","title":{"rendered":"DESTACADO ACCIONAR POLICIAL EN EL SUR MENDOCINO"},"content":{"rendered":"<h4><span style=\"color: #000000;\">Los actos delictivos no cesan en General Alvear y San Rafael, Personal Policial trabaj\u00f3 en 5 il\u00edcitos.<\/span><\/h4>\n<p><span style=\"color: #000000;\">El primero de ellos ocurri\u00f3 a las <strong>09:15<\/strong> horas del d\u00eda mi\u00e9rcoles, en jurisdicci\u00f3n de la Comisar\u00eda 38 de San Rafael. <strong>Se trata de un robo ocurrido en una finca de Cuadro Benegas, ubicada en inmediaciones de Ruta 144, kil\u00f3metro 673.<\/strong> El propietario de la finca declar\u00f3 que, al regresar al lugar, constat\u00f3 que personas desconocidas previo da\u00f1ar el port\u00f3n, hab\u00edan ingresado al patio y hab\u00edan sustra\u00eddo una hormigonera y herramientas de alba\u00f1iler\u00eda.<\/span><\/p>\n<p><span style=\"color: #000000;\">Otro robo ocurri\u00f3 en u<strong>na finca ubicada en calle Arizu sin n\u00famero de Villa Atuel.<\/strong> Cerca de las <strong>16:00 horas<\/strong>, la propietaria del lugar constat\u00f3 que <strong>personas desconocidas, previo cortar los alambres del cierre perimetral, sustrajeron 100 metros de alambre de 70 hileras.<\/strong> Actu\u00f3 personal policial perteneciente a la Comisar\u00eda 26.<\/span><\/p>\n<p><span style=\"color: #000000;\"><strong>Promediando las 20:50<\/strong> del mismo mi\u00e9rcoles, un hombre de 28 identificado como C. M. fue abordado por 4 sujetos quienes luego de amenazarlo le sustrajeron $5.000 y un par de zapatillas. <strong>Alertado personal policial, lograron detener a los malvivientes en inmediaciones de calles Los Sauces y Ballofet de San Rafael;<\/strong> <strong>los cuatro masculinos quedaron a disposici\u00f3n de la Justicia.<\/strong> Adem\u00e1s se procedi\u00f3 al secuestro de un palo con un fierro en la punta y se recuperaron los bienes sustra\u00eddos.<\/span><\/p>\n<p><span style=\"color: #000000;\"><strong>Minutos pasadas las 21:00 horas, en calle Jos\u00e9 Ingeniero N\u00b0 595 de General Alvea<\/strong>r, personas desconocidas sustrajeron un cartera del interior de un autom\u00f3vil. La v\u00edctima, una mujer de 84 a\u00f1os identificada como M. P.,<strong> \u00a0explic\u00f3 que cuando regres\u00f3 de hacer compras dej\u00f3 el veh\u00edculo abierto mientras baja la mercader\u00eda, al ingresar a la vivienda y volver a salir constat\u00f3 que sujetos desconocidos sustrajeron una cartera con 60 mil pesos y documentaci\u00f3n varias.<\/strong><\/span><\/p>\n<p><span style=\"color: #000000;\">Por \u00faltimo, delincuentes robaron en <strong>una vivienda ubicada en calle Cabildo 351 de San Rafael.<\/strong> El hecho ocurri\u00f3 cuando la mujer, de 46 a\u00f1os identificada como P. C., <strong>se retir\u00f3 de la casa y al regresar constat\u00f3 que sujetos desconocidos le hab\u00edan sustra\u00eddo elementos de su vivienda: un televisor de 55 pulgadas, una tablet y alhajas.<\/strong><\/span><\/p>\n","protected":false},"excerpt":{"rendered":"<p>Los actos delictivos no cesan en General Alvear y San Rafael, Personal Policial trabaj\u00f3 en 5 il\u00edcitos. El primero de ellos &#8230;<\/p>\n","protected":false},"author":7,"featured_media":139482,"comment_status":"open","ping_status":"open","sticky":false,"template":"","format":"standard","meta":{"footnotes":""},"categories":[5,4],"tags":[],"class_list":["post-139478","post","type-post","status-publish","format-standard","has-post-thumbnail","hentry","category-actualidad","category-policiales"],"_links":{"self":[{"href":"https:\/\/vinasfm.com\/noticias\/wp-json\/wp\/v2\/posts\/139478","targetHints":{"allow":["GET"]}}],"collection":[{"href":"https:\/\/vinasfm.com\/noticias\/wp-json\/wp\/v2\/posts"}],"about":[{"href":"https:\/\/vinasfm.com\/noticias\/wp-json\/wp\/v2\/types\/post"}],"author":[{"embeddable":true,"href":"https:\/\/vinasfm.com\/noticias\/wp-json\/wp\/v2\/users\/7"}],"replies":[{"embeddable":true,"href":"https:\/\/vinasfm.com\/noticias\/wp-json\/wp\/v2\/comments?post=139478"}],"version-history":[{"count":4,"href":"https:\/\/vinasfm.com\/noticias\/wp-json\/wp\/v2\/posts\/139478\/revisions"}],"predecessor-version":[{"id":139486,"href":"https:\/\/vinasfm.com\/noticias\/wp-json\/wp\/v2\/posts\/139478\/revisions\/139486"}],"wp:featuredmedia":[{"embeddable":true,"href":"https:\/\/vinasfm.com\/noticias\/wp-json\/wp\/v2\/media\/139482"}],"wp:attachment":[{"href":"https:\/\/vinasfm.com\/noticias\/wp-json\/wp\/v2\/media?parent=139478"}],"wp:term":[{"taxonomy":"category","embeddable":true,"href":"https:\/\/vinasfm.com\/noticias\/wp-json\/wp\/v2\/categories?post=139478"},{"taxonomy":"post_tag","embeddable":true,"href":"https:\/\/vinasfm.com\/noticias\/wp-json\/wp\/v2\/tags?post=139478"}],"curies":[{"name":"wp","href":"https:\/\/api.w.org\/{rel}","templated":true}]}}