{"id":139475,"date":"2024-09-10T11:20:26","date_gmt":"2024-09-10T14:20:26","guid":{"rendered":"https:\/\/vinasfm.com\/noticias\/?p=139475"},"modified":"2024-09-12T11:32:04","modified_gmt":"2024-09-12T14:32:04","slug":"jinetes-alvearenses-fueron-parte-del-3-torneo-nacional-de-destrezas-criollas","status":"publish","type":"post","link":"https:\/\/vinasfm.com\/noticias\/jinetes-alvearenses-fueron-parte-del-3-torneo-nacional-de-destrezas-criollas\/","title":{"rendered":"JINETES ALVEARENSES FUERON PARTE DEL 3\u00b0 TORNEO NACIONAL DE DESTREZAS CRIOLLAS"},"content":{"rendered":"<h4><span style=\"color: #000000;\">Con el objetivo de promocionar la Fiesta Nacional de la Ganader\u00eda en distintos puntos del pa\u00eds, los encargados de organizar el Festival de Destrezas Criollas estuvieron presentes el pasado domingo en Alta Italia, La Pampa.<\/span><\/h4>\n<p><span style=\"color: #000000;\">Los jinetes de General Alvear <span style=\"color: #003366;\"><strong>Jos\u00e9 Verdugo<\/strong> <\/span>y <span style=\"color: #003366;\"><strong>Mart\u00edn Naldini<\/strong> <\/span>tuvieron un <a href=\"https:\/\/www.facebook.com\/story.php?story_fbid=8371398982918015&amp;id=100001439892781&amp;mibextid=qi2Omg&amp;rdid=v4giEl9IADgsm4C8\">muy buen desempe\u00f1o<\/a> y este \u00faltimo alcanz\u00f3 un premio en la categor\u00eda mansos. <span style=\"color: #003366;\"><strong>Miguel Sosa<\/strong><\/span>, referente de las Destrezas Criollas en la regi\u00f3n, explic\u00f3 que <strong><em>\u201ceste Torneo es una fecha clasificatoria para Al Talar de Madariaga, el encuentro ecuestre m\u00e1s grande de Argentina\u201d.<\/em><\/strong><\/span><\/p>\n<p><span style=\"color: #000000;\"><em><strong>\u201cTuvimos el agrado de encontrarnos con muchas personas que conocen la Fiesta Nacional de la Ganader\u00eda. Nuestra delegaci\u00f3n ha realizado la invitaci\u00f3n y ellos se han comprometido en participar\u201d<\/strong><\/em>, expres\u00f3 Sosa.<\/span><\/p>\n<p><span style=\"color: #000000;\">Por su parte, el domador Mart\u00edn Naldini celebr\u00f3 el logro obtenido en Alta Italia y explic\u00f3 que <\/span><strong><em>\u201cse trat\u00f3 de una prueba de tambores, similar a las que se realizan en Alvear\u201d<\/em><\/strong><span style=\"color: #000000;\">. Naldini, qui\u00e9n es reconocido en esta disciplina, destac\u00f3 que <em><strong>\u201ccada vez hay m\u00e1s gente interesada en las Destrezas Criollas, tambi\u00e9n se nota un muy buen nivel que nos anima a seguir prepar\u00e1ndonos\u201d.<\/strong><\/em><\/span><\/p>\n","protected":false},"excerpt":{"rendered":"<p>Con el objetivo de promocionar la Fiesta Nacional de la Ganader\u00eda en distintos puntos del pa\u00eds, los encargados de organizar el &#8230;<\/p>\n","protected":false},"author":7,"featured_media":139476,"comment_status":"open","ping_status":"open","sticky":false,"template":"","format":"standard","meta":{"footnotes":""},"categories":[5,3],"tags":[],"class_list":["post-139475","post","type-post","status-publish","format-standard","has-post-thumbnail","hentry","category-actualidad","category-deportes"],"_links":{"self":[{"href":"https:\/\/vinasfm.com\/noticias\/wp-json\/wp\/v2\/posts\/139475","targetHints":{"allow":["GET"]}}],"collection":[{"href":"https:\/\/vinasfm.com\/noticias\/wp-json\/wp\/v2\/posts"}],"about":[{"href":"https:\/\/vinasfm.com\/noticias\/wp-json\/wp\/v2\/types\/post"}],"author":[{"embeddable":true,"href":"https:\/\/vinasfm.com\/noticias\/wp-json\/wp\/v2\/users\/7"}],"replies":[{"embeddable":true,"href":"https:\/\/vinasfm.com\/noticias\/wp-json\/wp\/v2\/comments?post=139475"}],"version-history":[{"count":1,"href":"https:\/\/vinasfm.com\/noticias\/wp-json\/wp\/v2\/posts\/139475\/revisions"}],"predecessor-version":[{"id":139477,"href":"https:\/\/vinasfm.com\/noticias\/wp-json\/wp\/v2\/posts\/139475\/revisions\/139477"}],"wp:featuredmedia":[{"embeddable":true,"href":"https:\/\/vinasfm.com\/noticias\/wp-json\/wp\/v2\/media\/139476"}],"wp:attachment":[{"href":"https:\/\/vinasfm.com\/noticias\/wp-json\/wp\/v2\/media?parent=139475"}],"wp:term":[{"taxonomy":"category","embeddable":true,"href":"https:\/\/vinasfm.com\/noticias\/wp-json\/wp\/v2\/categories?post=139475"},{"taxonomy":"post_tag","embeddable":true,"href":"https:\/\/vinasfm.com\/noticias\/wp-json\/wp\/v2\/tags?post=139475"}],"curies":[{"name":"wp","href":"https:\/\/api.w.org\/{rel}","templated":true}]}}