{"id":139439,"date":"2024-09-11T12:06:38","date_gmt":"2024-09-11T15:06:38","guid":{"rendered":"https:\/\/vinasfm.com\/noticias\/?p=139439"},"modified":"2024-09-12T10:33:23","modified_gmt":"2024-09-12T13:33:23","slug":"eduacion-sexual-una-charla-sobre-salud-sexual-y-reproductiva-infanto-juvenil","status":"publish","type":"post","link":"https:\/\/vinasfm.com\/noticias\/eduacion-sexual-una-charla-sobre-salud-sexual-y-reproductiva-infanto-juvenil\/","title":{"rendered":"EDUACI\u00d3N SEXUAL, UNA CHARLA SOBRE SALUD SEXUAL Y REPRODUCTIVA INFANTO JUVENIL"},"content":{"rendered":"<h4><span style=\"color: #000000;\">El Municipio, en conjunto con la Sociedad Obstetra de Mendoza, el \u00c1rea Departamental de Salud, la Direcci\u00f3n de Familia y la DGE llevar\u00e1 adelante una importante capacitaci\u00f3n que tendr\u00e1 lugar este viernes en Bodega Fara\u00f3n.<\/span><\/h4>\n<p><span style=\"color: #000000;\">Se trata de una capacitaci\u00f3n que abordar\u00e1 temas como la anticoncepci\u00f3n en la adolescencia, atenci\u00f3n en contexto de abuso sexual y control de ITS en adolescentes. La misma <strong>contar\u00e1 con la disertaci\u00f3n de las Doctoras Fabiana Vicentin y Adriana Giaccaglia.<\/strong><\/span><\/p>\n<p><span style=\"color: #000000;\">El<em> director de Educaci\u00f3n de General Alvear<\/em>, <span style=\"color: #003366;\"><strong>Jos\u00e9 Mor\u00e1n<\/strong><\/span>, explic\u00f3 que <em><strong>\u201cla capacitaci\u00f3n est\u00e1 planeada para todas las personas que se desempe\u00f1an en el \u00e1mbito de salud y educaci\u00f3n. Se brindar\u00e1n herramientas para problem\u00e1ticas que ocurren, sobre todo, en los establecimientos educativos\u201d.<\/strong><\/em><\/span><\/p>\n<p><a href=\"https:\/\/vinasfm.com\/noticias\/wp-content\/uploads\/2024\/09\/IMG-20240911-WA0040.jpg\"><img loading=\"lazy\" decoding=\"async\" class=\"alignnone wp-image-139442 size-large\" src=\"https:\/\/vinasfm.com\/noticias\/wp-content\/uploads\/2024\/09\/IMG-20240911-WA0040-723x1024.jpg\" alt=\"\" width=\"723\" height=\"1024\" \/><\/a><\/p>\n<p><span style=\"color: #000000;\">Por su parte <span style=\"color: #003366;\"><strong>Griselda Baldoni<\/strong><\/span>, <em>Obstetra del \u00c1rea Departamental de Salud<\/em>, se\u00f1al\u00f3 que<em><strong> \u201ces importante brindar herramientas basadas en la evidencia y en la informaci\u00f3n certera. Son tem\u00e1ticas que tienen gran presencia en la sociedad actual como el embarazo adolescente y la diversidad de g\u00e9nero\u201d.<\/strong><\/em><\/span><\/p>\n<p><span style=\"color: #000000;\">En cuanto a los datos sobre el \u00a0embarazo adolescente, Baldoni manifest\u00f3 que <em><strong>\u201cen los \u00faltimo a\u00f1os se hab\u00eda notado una baja pero, si bien es pronto para brindar un informe anual, en la actual se puede observar un incremento preocupante\u201d.<\/strong><\/em><\/span><\/p>\n<p><span style=\"color: #000000;\">La jornada presencial sobre Salud Sexual y Reproductiva infanto juvenil <em>tendr\u00e1 lugar el viernes 13 de septiembre, desde las 8:00 horas, en el Multiespacio Cultural Bodega Fara\u00f3n, ubicado en Calle 10 y Ruta Nacional 188.<\/em><\/span><\/p>\n","protected":false},"excerpt":{"rendered":"<p>El Municipio, en conjunto con la Sociedad Obstetra de Mendoza, el \u00c1rea Departamental de Salud, la Direcci\u00f3n de Familia y la &#8230;<\/p>\n","protected":false},"author":7,"featured_media":139442,"comment_status":"open","ping_status":"open","sticky":false,"template":"","format":"standard","meta":{"footnotes":""},"categories":[18,15],"tags":[],"class_list":["post-139439","post","type-post","status-publish","format-standard","has-post-thumbnail","hentry","category-educacion","category-salud"],"_links":{"self":[{"href":"https:\/\/vinasfm.com\/noticias\/wp-json\/wp\/v2\/posts\/139439","targetHints":{"allow":["GET"]}}],"collection":[{"href":"https:\/\/vinasfm.com\/noticias\/wp-json\/wp\/v2\/posts"}],"about":[{"href":"https:\/\/vinasfm.com\/noticias\/wp-json\/wp\/v2\/types\/post"}],"author":[{"embeddable":true,"href":"https:\/\/vinasfm.com\/noticias\/wp-json\/wp\/v2\/users\/7"}],"replies":[{"embeddable":true,"href":"https:\/\/vinasfm.com\/noticias\/wp-json\/wp\/v2\/comments?post=139439"}],"version-history":[{"count":2,"href":"https:\/\/vinasfm.com\/noticias\/wp-json\/wp\/v2\/posts\/139439\/revisions"}],"predecessor-version":[{"id":139443,"href":"https:\/\/vinasfm.com\/noticias\/wp-json\/wp\/v2\/posts\/139439\/revisions\/139443"}],"wp:featuredmedia":[{"embeddable":true,"href":"https:\/\/vinasfm.com\/noticias\/wp-json\/wp\/v2\/media\/139442"}],"wp:attachment":[{"href":"https:\/\/vinasfm.com\/noticias\/wp-json\/wp\/v2\/media?parent=139439"}],"wp:term":[{"taxonomy":"category","embeddable":true,"href":"https:\/\/vinasfm.com\/noticias\/wp-json\/wp\/v2\/categories?post=139439"},{"taxonomy":"post_tag","embeddable":true,"href":"https:\/\/vinasfm.com\/noticias\/wp-json\/wp\/v2\/tags?post=139439"}],"curies":[{"name":"wp","href":"https:\/\/api.w.org\/{rel}","templated":true}]}}