{"id":139428,"date":"2024-09-11T10:24:57","date_gmt":"2024-09-11T13:24:57","guid":{"rendered":"https:\/\/vinasfm.com\/noticias\/?p=139428"},"modified":"2024-09-12T09:54:04","modified_gmt":"2024-09-12T12:54:04","slug":"billy-alvarez-alvear-esta-a-la-altura-de-un-show-de-altisima-calidad","status":"publish","type":"post","link":"https:\/\/vinasfm.com\/noticias\/billy-alvarez-alvear-esta-a-la-altura-de-un-show-de-altisima-calidad\/","title":{"rendered":"BILLY \u00c1LVAREZ: \u201cALVEAR EST\u00c1 A LA ALTURA DE UN SHOW DE ALT\u00cdSIMA CALIDAD\u201d"},"content":{"rendered":"<h4><span style=\"color: #000000;\">El manager de Divididos destac\u00f3 la extensa trayectoria de la banda y puso en valor su regreso a General Alvear.<\/span><\/h4>\n<p><span style=\"color: #000000;\">Luego de 7 a\u00f1os, <strong>La Aplanadora del Rock<\/strong> volver\u00e1 a presentarse en el departamento, en pleno proceso creativo de lo que ser\u00e1 su pr\u00f3ximo material discogr\u00e1fico. General Alvear ser\u00e1 la \u00fanica parada de <strong>Divididos<\/strong> en la regi\u00f3n Cuyo en este 2024, <em><strong>\u201cantes incluir a Alvear en una gira nos parec\u00eda il\u00f3gico, pero en la pasada presentaci\u00f3n entendimos que el departamento se merece y est\u00e1 a la altura de albergar un show as\u00ed\u201d.<\/strong><\/em> \u00a0El\u00a0espect\u00e1culo est\u00e1 previsto para el\u00a0s\u00e1bado\u00a0<strong>21 de septiembre<\/strong>, a las\u00a021.30,\u00a0en el Estadio Andes FC (Diagonal Jorge Sim\u00f3n 36).<\/span><\/p>\n<p><img decoding=\"async\" src=\"https:\/\/www.mendovoz.com\/u\/fotografias\/m\/2024\/8\/16\/f685x385-213650_251343_5050.png\" alt=\"Divididos aterriza en General Alvear para la primavera\" \/><\/p>\n<h6>Divididos regresa a General Alvear luego de 7 a\u00f1os.<\/h6>\n<p><span style=\"color: #000000;\">Con 35 a\u00f1os de trayectoria, \u00c1lvarez manifest\u00f3 que<strong><em> \u201ces muy emocionante el encuentro con la gente y ver c\u00f3mo su m\u00fasica ha trascendido las generaciones\u201d<\/em><\/strong>, y es que el regreso de Divididos ha generado un enorme inter\u00e9s y emoci\u00f3n en sus fan\u00e1ticos que ans\u00edan su presentaci\u00f3n.<\/span><\/p>\n<p><span style=\"color: #000000;\">Es de destacar la inclusi\u00f3n de bandas locales que est\u00e1n dando sus primeros pasos en el mundo de la industria musical. <em><strong>\u201cComo banda consideramos que es muy importante generar oportunidades y sobre todo brindar nuestro apoyo a quienes est\u00e1n comenzando. General Alvear es cuna de importantes artistas con una propuesta muy interesante\u201d<\/strong><\/em>, manifest\u00f3 Billy.<\/span><\/p>\n","protected":false},"excerpt":{"rendered":"<p>El manager de Divididos destac\u00f3 la extensa trayectoria de la banda y puso en valor su regreso a General Alvear. Luego &#8230;<\/p>\n","protected":false},"author":7,"featured_media":24237,"comment_status":"open","ping_status":"open","sticky":false,"template":"","format":"standard","meta":{"footnotes":""},"categories":[5,19],"tags":[],"class_list":["post-139428","post","type-post","status-publish","format-standard","has-post-thumbnail","hentry","category-actualidad","category-cultura"],"_links":{"self":[{"href":"https:\/\/vinasfm.com\/noticias\/wp-json\/wp\/v2\/posts\/139428","targetHints":{"allow":["GET"]}}],"collection":[{"href":"https:\/\/vinasfm.com\/noticias\/wp-json\/wp\/v2\/posts"}],"about":[{"href":"https:\/\/vinasfm.com\/noticias\/wp-json\/wp\/v2\/types\/post"}],"author":[{"embeddable":true,"href":"https:\/\/vinasfm.com\/noticias\/wp-json\/wp\/v2\/users\/7"}],"replies":[{"embeddable":true,"href":"https:\/\/vinasfm.com\/noticias\/wp-json\/wp\/v2\/comments?post=139428"}],"version-history":[{"count":1,"href":"https:\/\/vinasfm.com\/noticias\/wp-json\/wp\/v2\/posts\/139428\/revisions"}],"predecessor-version":[{"id":139429,"href":"https:\/\/vinasfm.com\/noticias\/wp-json\/wp\/v2\/posts\/139428\/revisions\/139429"}],"wp:featuredmedia":[{"embeddable":true,"href":"https:\/\/vinasfm.com\/noticias\/wp-json\/wp\/v2\/media\/24237"}],"wp:attachment":[{"href":"https:\/\/vinasfm.com\/noticias\/wp-json\/wp\/v2\/media?parent=139428"}],"wp:term":[{"taxonomy":"category","embeddable":true,"href":"https:\/\/vinasfm.com\/noticias\/wp-json\/wp\/v2\/categories?post=139428"},{"taxonomy":"post_tag","embeddable":true,"href":"https:\/\/vinasfm.com\/noticias\/wp-json\/wp\/v2\/tags?post=139428"}],"curies":[{"name":"wp","href":"https:\/\/api.w.org\/{rel}","templated":true}]}}