{"id":139413,"date":"2024-09-11T09:27:09","date_gmt":"2024-09-11T12:27:09","guid":{"rendered":"https:\/\/vinasfm.com\/noticias\/?p=139413"},"modified":"2024-09-12T09:55:10","modified_gmt":"2024-09-12T12:55:10","slug":"el-intendente-recorrio-bowen-y-destaco-los-trabajos-realizados-en-el-distrito","status":"publish","type":"post","link":"https:\/\/vinasfm.com\/noticias\/el-intendente-recorrio-bowen-y-destaco-los-trabajos-realizados-en-el-distrito\/","title":{"rendered":"EL INTENDENTE RECORRI\u00d3 BOWEN Y DESTAC\u00d3 LOS TRABAJOS REALIZADOS EN EL DISTRITO"},"content":{"rendered":"<h4><span style=\"color: #000000;\">En el marco del D\u00eda del Maestro, el Jefe Comunal se traslad\u00f3 a la Perla Distrital y puso en valor las tareas iniciadas desde el Municipio.<\/span><\/h4>\n<p><span style=\"color: #000000;\"><em><strong>\u201cA inicios de nuestra gesti\u00f3n nos propusimos dejar al distrito con un sistema de desag\u00fce consolidado que no le d\u00e9 lugar a las inundaciones cuando llueve, estamos prontos a la \u00e9poca estival por lo que estamos acelerando las tareas\u201d<\/strong><\/em>, comenz\u00f3 se\u00f1alando el Sr. Intendente Alejandro Molero durante su recorrido por Bowen. <em><strong>\u201cTambi\u00e9n nos propon\u00edamos terminar con esa barrera que divide a los vecinos del distrito\u201d<\/strong><\/em>, expres\u00f3 en referencia a las v\u00edas del ferrocarril y agreg\u00f3 que <em><strong>\u201cse est\u00e1 avanzando con la creaci\u00f3n de un lugar de esparcimiento en esta zona\u201d.<\/strong><\/em><\/span><\/p>\n<p><span style=\"color: #000000;\"><em><strong>\u201cHay cuestiones en las que no podemos pretender que el vecino entienda la injerencia de un Gobierno o del otro, principalmente cuando se habla de salud, educaci\u00f3n y seguridad. Pero como Gobierno nos toca tener coraje para avanzar deicidamente en estas problem\u00e1ticas\u201d<\/strong><\/em>, manifest\u00f3 el Mandatario.<\/span><\/p>\n<p><span style=\"color: #000000;\">Si de seguridad se habla, hay que destacar la aplicaci\u00f3n del sistema de video vigilancia. Ya se han instalado equipos sobre el arco de ingreso al distrito, la plaza San Mart\u00edn y la Terminal de \u00d3mnibus. Adem\u00e1s, Molero destac\u00f3 que<em><strong> \u201cse est\u00e1 gestionando una fuerte inversi\u00f3n por parte del Municipio para brindar mayor seguridad a los vecinos de General Alvear\u201d.<\/strong><\/em><\/span><\/p>\n<p><a href=\"https:\/\/vinasfm.com\/noticias\/wp-content\/uploads\/2024\/09\/WhatsApp-Image-2024-09-10-at-12.37.52.jpeg\"><img loading=\"lazy\" decoding=\"async\" class=\"alignnone wp-image-139415\" src=\"https:\/\/vinasfm.com\/noticias\/wp-content\/uploads\/2024\/09\/WhatsApp-Image-2024-09-10-at-12.37.52.jpeg\" alt=\"\" width=\"600\" height=\"337\" srcset=\"https:\/\/vinasfm.com\/noticias\/wp-content\/uploads\/2024\/09\/WhatsApp-Image-2024-09-10-at-12.37.52.jpeg 1599w, https:\/\/vinasfm.com\/noticias\/wp-content\/uploads\/2024\/09\/WhatsApp-Image-2024-09-10-at-12.37.52-300x169.jpeg 300w, https:\/\/vinasfm.com\/noticias\/wp-content\/uploads\/2024\/09\/WhatsApp-Image-2024-09-10-at-12.37.52-1024x576.jpeg 1024w, https:\/\/vinasfm.com\/noticias\/wp-content\/uploads\/2024\/09\/WhatsApp-Image-2024-09-10-at-12.37.52-768x432.jpeg 768w, https:\/\/vinasfm.com\/noticias\/wp-content\/uploads\/2024\/09\/WhatsApp-Image-2024-09-10-at-12.37.52-1536x864.jpeg 1536w, https:\/\/vinasfm.com\/noticias\/wp-content\/uploads\/2024\/09\/WhatsApp-Image-2024-09-10-at-12.37.52-750x420.jpeg 750w, https:\/\/vinasfm.com\/noticias\/wp-content\/uploads\/2024\/09\/WhatsApp-Image-2024-09-10-at-12.37.52-1140x641.jpeg 1140w\" sizes=\"auto, (max-width: 600px) 100vw, 600px\" \/><\/a><\/p>\n<h6>Molero junto a la presidente del HCD, Alejandro Torti, presente en la Terminal de Omnibus de Bowen.<\/h6>\n<p><span style=\"color: #000000;\">Otro tema a destacar el intenso programa de limpieza y urbanizaci\u00f3n que lleva adelante la Secretar\u00eda de Obras y Servicios P\u00fablicos.<em><strong> \u201cQueremos que los vecinos sientan que viven en un departamento lindo y sobre todo limpio\u201d<\/strong><\/em>, sostuvo el Sr. Intendente. En ese contexto adelant\u00f3 que <em><strong>\u201cen los pr\u00f3ximos d\u00edas, cuando aumenten las temperaturas, se continuar\u00e1 con las tareas de asfaltado. Se trata de una programa ambicioso que contar\u00e1 con la utilizaci\u00f3n de maquinaria especializada en la materia\u201d.<\/strong><\/em><\/span><\/p>\n","protected":false},"excerpt":{"rendered":"<p>En el marco del D\u00eda del Maestro, el Jefe Comunal se traslad\u00f3 a la Perla Distrital y puso en valor las &#8230;<\/p>\n","protected":false},"author":7,"featured_media":139414,"comment_status":"open","ping_status":"open","sticky":false,"template":"","format":"standard","meta":{"footnotes":""},"categories":[5,10],"tags":[],"class_list":["post-139413","post","type-post","status-publish","format-standard","has-post-thumbnail","hentry","category-actualidad","category-destacadas"],"_links":{"self":[{"href":"https:\/\/vinasfm.com\/noticias\/wp-json\/wp\/v2\/posts\/139413","targetHints":{"allow":["GET"]}}],"collection":[{"href":"https:\/\/vinasfm.com\/noticias\/wp-json\/wp\/v2\/posts"}],"about":[{"href":"https:\/\/vinasfm.com\/noticias\/wp-json\/wp\/v2\/types\/post"}],"author":[{"embeddable":true,"href":"https:\/\/vinasfm.com\/noticias\/wp-json\/wp\/v2\/users\/7"}],"replies":[{"embeddable":true,"href":"https:\/\/vinasfm.com\/noticias\/wp-json\/wp\/v2\/comments?post=139413"}],"version-history":[{"count":1,"href":"https:\/\/vinasfm.com\/noticias\/wp-json\/wp\/v2\/posts\/139413\/revisions"}],"predecessor-version":[{"id":139416,"href":"https:\/\/vinasfm.com\/noticias\/wp-json\/wp\/v2\/posts\/139413\/revisions\/139416"}],"wp:featuredmedia":[{"embeddable":true,"href":"https:\/\/vinasfm.com\/noticias\/wp-json\/wp\/v2\/media\/139414"}],"wp:attachment":[{"href":"https:\/\/vinasfm.com\/noticias\/wp-json\/wp\/v2\/media?parent=139413"}],"wp:term":[{"taxonomy":"category","embeddable":true,"href":"https:\/\/vinasfm.com\/noticias\/wp-json\/wp\/v2\/categories?post=139413"},{"taxonomy":"post_tag","embeddable":true,"href":"https:\/\/vinasfm.com\/noticias\/wp-json\/wp\/v2\/tags?post=139413"}],"curies":[{"name":"wp","href":"https:\/\/api.w.org\/{rel}","templated":true}]}}