{"id":139317,"date":"2024-09-07T13:04:16","date_gmt":"2024-09-07T16:04:16","guid":{"rendered":"https:\/\/vinasfm.com\/noticias\/?p=139317"},"modified":"2024-09-09T08:53:59","modified_gmt":"2024-09-09T11:53:59","slug":"accidente-volco-un-camion-en-los-tableros","status":"publish","type":"post","link":"https:\/\/vinasfm.com\/noticias\/accidente-volco-un-camion-en-los-tableros\/","title":{"rendered":"ACCIDENTE: VOLC\u00d3 UN CAMI\u00d3N EN LOS TABLEROS"},"content":{"rendered":"<h4>Sucedio en la ma\u00f1ana de este s\u00e1bado, un cami\u00f3n que se dirig\u00eda en direcci\u00f3n al Puente del R\u00edo Atuel, volc\u00f3 a la vera de la ruta, en zona de Los Tableros.<\/h4>\n<p>Resularon heridos el conductor y su acompa\u00f1ante oriundos de La Pampa, fueron trasladados al Hospital Enfermeros Argentinos, presentaron ambos fractura de clav\u00edcula.<\/p>\n<p>En estos mometnos son atentidos en el shockroom del nosocomio local.<\/p>\n","protected":false},"excerpt":{"rendered":"<p>Sucedio en la ma\u00f1ana de este s\u00e1bado, un cami\u00f3n que se dirig\u00eda en direcci\u00f3n al Puente del R\u00edo Atuel, volc\u00f3 a &#8230;<\/p>\n","protected":false},"author":7,"featured_media":139328,"comment_status":"open","ping_status":"open","sticky":false,"template":"","format":"standard","meta":{"footnotes":""},"categories":[1],"tags":[],"class_list":["post-139317","post","type-post","status-publish","format-standard","has-post-thumbnail","hentry","category-fmvinas"],"_links":{"self":[{"href":"https:\/\/vinasfm.com\/noticias\/wp-json\/wp\/v2\/posts\/139317","targetHints":{"allow":["GET"]}}],"collection":[{"href":"https:\/\/vinasfm.com\/noticias\/wp-json\/wp\/v2\/posts"}],"about":[{"href":"https:\/\/vinasfm.com\/noticias\/wp-json\/wp\/v2\/types\/post"}],"author":[{"embeddable":true,"href":"https:\/\/vinasfm.com\/noticias\/wp-json\/wp\/v2\/users\/7"}],"replies":[{"embeddable":true,"href":"https:\/\/vinasfm.com\/noticias\/wp-json\/wp\/v2\/comments?post=139317"}],"version-history":[{"count":1,"href":"https:\/\/vinasfm.com\/noticias\/wp-json\/wp\/v2\/posts\/139317\/revisions"}],"predecessor-version":[{"id":139318,"href":"https:\/\/vinasfm.com\/noticias\/wp-json\/wp\/v2\/posts\/139317\/revisions\/139318"}],"wp:featuredmedia":[{"embeddable":true,"href":"https:\/\/vinasfm.com\/noticias\/wp-json\/wp\/v2\/media\/139328"}],"wp:attachment":[{"href":"https:\/\/vinasfm.com\/noticias\/wp-json\/wp\/v2\/media?parent=139317"}],"wp:term":[{"taxonomy":"category","embeddable":true,"href":"https:\/\/vinasfm.com\/noticias\/wp-json\/wp\/v2\/categories?post=139317"},{"taxonomy":"post_tag","embeddable":true,"href":"https:\/\/vinasfm.com\/noticias\/wp-json\/wp\/v2\/tags?post=139317"}],"curies":[{"name":"wp","href":"https:\/\/api.w.org\/{rel}","templated":true}]}}