{"id":139247,"date":"2024-09-06T08:21:05","date_gmt":"2024-09-06T11:21:05","guid":{"rendered":"https:\/\/vinasfm.com\/noticias\/?p=139247"},"modified":"2024-09-07T10:22:54","modified_gmt":"2024-09-07T13:22:54","slug":"preocupante-el-elevado-numero-de-ninos-y-adolescentes-desaparecidos-en-mendoza","status":"publish","type":"post","link":"https:\/\/vinasfm.com\/noticias\/preocupante-el-elevado-numero-de-ninos-y-adolescentes-desaparecidos-en-mendoza\/","title":{"rendered":"PREOCUPA EL ELEVADO N\u00daMERO DE NI\u00d1OS Y ADOLESCENTES DESAPARECIDOS EN MENDOZA"},"content":{"rendered":"<h4>Mendoza se posiciona como la cuarta provincia <strong>con mayor cantidad de ni\u00f1os, ni\u00f1as y adolescentes desaparecidos en el pa\u00eds<\/strong>. En total,\u00a0<strong>son 102 los extraviados<\/strong>.<\/h4>\n<p>\u201c<em>\u00bfCu\u00e1l es el n\u00famero total de personas extraviadas que surgen del SIFEBU? \u00bfCu\u00e1ntas de ellas son mujeres? \u00bfCu\u00e1ntas son ni\u00f1as, ni\u00f1os y adolescentes? Detalle dicha informaci\u00f3n por jurisdicci\u00f3n<\/em>\u201c, fueron algunas de las preguntas formuladas por los legisladores. Guillermo Francos, jefe de Gabinete, present\u00f3 este mi\u00e9rcoles en la C\u00e1mara de Diputados el<strong>\u00a0primer informe de gesti\u00f3n del Gobierno de Javier Milei y entre las m\u00e1s de 2.000 preguntas realizadas se hizo alusi\u00f3n a la cantidad de personas extraviadas en Argentina.\u00a0<\/strong><\/p>\n<p>Seg\u00fan los datos aportados por el Sistema Federal de B\u00fasqueda de Personas, \u00a0son<strong>\u00a010.697\u00a0<\/strong>las personas desaparecidas en Argentina;\u00a0<strong>5.606 son mujeres\u00a0<\/strong>y<strong>\u00a03.472 ni\u00f1os, ni\u00f1as y adolescentes<\/strong>. <strong>Mendoza es la cuarta provincia con mayor cantidad de ni\u00f1os, ni\u00f1as y adolescentes desaparecidos en el pa\u00eds<\/strong>, con un total de<strong> 102 extraviados<\/strong>.<\/p>\n<p>&nbsp;<\/p>\n<p><a href=\"https:\/\/vinasfm.com\/noticias\/wp-content\/uploads\/2024\/09\/WhatsApp-Image-2024-09-05-at-11.39.35.jpeg\"><img loading=\"lazy\" decoding=\"async\" class=\"alignnone wp-image-139248\" src=\"https:\/\/vinasfm.com\/noticias\/wp-content\/uploads\/2024\/09\/WhatsApp-Image-2024-09-05-at-11.39.35.jpeg\" alt=\"\" width=\"600\" height=\"609\" srcset=\"https:\/\/vinasfm.com\/noticias\/wp-content\/uploads\/2024\/09\/WhatsApp-Image-2024-09-05-at-11.39.35.jpeg 453w, https:\/\/vinasfm.com\/noticias\/wp-content\/uploads\/2024\/09\/WhatsApp-Image-2024-09-05-at-11.39.35-295x300.jpeg 295w\" sizes=\"auto, (max-width: 600px) 100vw, 600px\" \/><\/a><\/p>\n<p>De ese total, en relaci\u00f3n con los ni\u00f1os, ni\u00f1as y adolescentes, la\u00a0<strong>provincia de Buenos Aires<\/strong>\u00a0es la que tiene el n\u00famero m\u00e1s elevado, con\u00a0<strong>1.162 extraviados<\/strong>. Le sigue la\u00a0<strong>Ciudad Aut\u00f3noma de Buenos Aires<\/strong>\u00a0con\u00a0<strong>260<\/strong>, luego est\u00e1\u00a0<strong>Santa Fe<\/strong>\u00a0con\u00a0<strong>182\u00a0<\/strong>desaparecidos, y en cuarto lugar se ubica<strong>\u00a0Mendoza<\/strong>, en donde son<strong>\u00a0102<\/strong>.<\/p>\n<p>Por su parte, las jurisdicciones con menor cantidad de chicos desaparecidos son\u00a0<strong>San Juan y Tierra del Fuego<\/strong>, ambas con\u00a0<strong>dos casos<\/strong>.<\/p>\n","protected":false},"excerpt":{"rendered":"<p>Mendoza se posiciona como la cuarta provincia con mayor cantidad de ni\u00f1os, ni\u00f1as y adolescentes desaparecidos en el pa\u00eds. En total,\u00a0son &#8230;<\/p>\n","protected":false},"author":7,"featured_media":139262,"comment_status":"open","ping_status":"open","sticky":false,"template":"","format":"standard","meta":{"footnotes":""},"categories":[5,22],"tags":[],"class_list":["post-139247","post","type-post","status-publish","format-standard","has-post-thumbnail","hentry","category-actualidad","category-justicia"],"_links":{"self":[{"href":"https:\/\/vinasfm.com\/noticias\/wp-json\/wp\/v2\/posts\/139247","targetHints":{"allow":["GET"]}}],"collection":[{"href":"https:\/\/vinasfm.com\/noticias\/wp-json\/wp\/v2\/posts"}],"about":[{"href":"https:\/\/vinasfm.com\/noticias\/wp-json\/wp\/v2\/types\/post"}],"author":[{"embeddable":true,"href":"https:\/\/vinasfm.com\/noticias\/wp-json\/wp\/v2\/users\/7"}],"replies":[{"embeddable":true,"href":"https:\/\/vinasfm.com\/noticias\/wp-json\/wp\/v2\/comments?post=139247"}],"version-history":[{"count":2,"href":"https:\/\/vinasfm.com\/noticias\/wp-json\/wp\/v2\/posts\/139247\/revisions"}],"predecessor-version":[{"id":139263,"href":"https:\/\/vinasfm.com\/noticias\/wp-json\/wp\/v2\/posts\/139247\/revisions\/139263"}],"wp:featuredmedia":[{"embeddable":true,"href":"https:\/\/vinasfm.com\/noticias\/wp-json\/wp\/v2\/media\/139262"}],"wp:attachment":[{"href":"https:\/\/vinasfm.com\/noticias\/wp-json\/wp\/v2\/media?parent=139247"}],"wp:term":[{"taxonomy":"category","embeddable":true,"href":"https:\/\/vinasfm.com\/noticias\/wp-json\/wp\/v2\/categories?post=139247"},{"taxonomy":"post_tag","embeddable":true,"href":"https:\/\/vinasfm.com\/noticias\/wp-json\/wp\/v2\/tags?post=139247"}],"curies":[{"name":"wp","href":"https:\/\/api.w.org\/{rel}","templated":true}]}}