{"id":139238,"date":"2024-09-05T10:33:26","date_gmt":"2024-09-05T13:33:26","guid":{"rendered":"https:\/\/vinasfm.com\/noticias\/?p=139238"},"modified":"2024-09-06T10:00:39","modified_gmt":"2024-09-06T13:00:39","slug":"en-bodega-faraon-se-realizo-un-importante-foro-gastronomico","status":"publish","type":"post","link":"https:\/\/vinasfm.com\/noticias\/en-bodega-faraon-se-realizo-un-importante-foro-gastronomico\/","title":{"rendered":"EN BODEGA FARA\u00d3N SE REALIZ\u00d3 UN IMPORTANTE FORO GASTRON\u00d3MICO"},"content":{"rendered":"<h4><span style=\"color: #000000;\">Se dio lugar a la conformaci\u00f3n de la Mesa de Gesti\u00f3n Local, para acelerar las buenas pr\u00e1cticas a toda la cadena de valor de la actividad gastron\u00f3mica provincial.<\/span><\/h4>\n<p><span style=\"color: #000000;\">Presente en el Punto Digital de Bodega Fara\u00f3n, el<em> secretario de Promoci\u00f3n y Desarrollo Territorial<\/em>, <span style=\"color: #003366;\"><strong>Hugo Molina<\/strong><\/span>; explic\u00f3 que <em><strong>\u00abel principal objetivo es impulsar el atractivo gastron\u00f3mico de General Alvear\u00bb.<\/strong> <\/em>A ese encuentro fueron convocados empresarios y emprendedores de la gastronom\u00eda local. <\/span><\/p>\n<p><span style=\"color: #000000;\">Si bien el <strong>EMETUR<\/strong> ha estado conformado los Foros Gastron\u00f3micos de la provincia, esta vez se busca establecer las Mesas Gastron\u00f3micas Municipales. <em><strong>\u00abDesde hace 4 a\u00f1os venimos trabajando duramente para establecer a Mendoza como un polo gastron\u00f3mico atractivo y lo estamos logrando. Hoy buscamos impulsar la gastronom\u00eda departamental con un nutrido grupo de prestadores\u00bb<\/strong><\/em>, expres\u00f3 <span style=\"color: #003366;\"><strong>Carlos Weinner<\/strong><\/span>, <em>delegado de la Zona Sur del Ente Mendoza Turismo.<\/em><\/span><\/p>\n<p><img loading=\"lazy\" decoding=\"async\" class=\"\" src=\"https:\/\/scontent.fmdz4-1.fna.fbcdn.net\/v\/t39.30808-6\/458384392_18315634273082085_3720514700053977554_n.jpg?_nc_cat=108&amp;ccb=1-7&amp;_nc_sid=127cfc&amp;_nc_ohc=mG00JLq0a6oQ7kNvgEcuzuD&amp;_nc_ht=scontent.fmdz4-1.fna&amp;cb_e2o_trans=t&amp;oh=00_AYDo5mRLqcAsTjrXZV6c8tUKqn-m90K_hUTiwied2N5t-g&amp;oe=66DFA694\" alt=\"Puede ser una imagen de 6 personas, personas estudiando y texto\" width=\"424\" height=\"239\" \/> <img loading=\"lazy\" decoding=\"async\" class=\"\" src=\"https:\/\/scontent.fmdz5-1.fna.fbcdn.net\/v\/t39.30808-6\/458455402_18315634264082085_3978561957406552659_n.jpg?_nc_cat=110&amp;ccb=1-7&amp;_nc_sid=127cfc&amp;_nc_ohc=Nf5JJdI8uBQQ7kNvgE6Pvf_&amp;_nc_ht=scontent.fmdz5-1.fna&amp;cb_e2o_trans=t&amp;oh=00_AYDMAz49t0bh80nltqglRgaJ2vJpz3yiIYbnSg2V0jDdlw&amp;oe=66DF8A69\" alt=\"Puede ser una imagen de 13 personas y personas estudiando\" width=\"425\" height=\"241\" \/><\/p>\n<p><span style=\"color: #000000;\">Por su parte, <strong><span style=\"color: #003366;\">Marcelo Reinoso<\/span><\/strong> destac\u00f3 que\u00a0 <em><strong>\u201cel Foro de Identidad y Origen Gastron\u00f3mico es un trabajo colaborativo que atraviesa a toda la cadena de valor de la gastronom\u00eda, desde recolectores de frutos, sup\u00f3nganse piquill\u00edn o vainas de algarrobo, hasta alguien que se dedica a la comunicaci\u00f3n y las redes sociales\u201d.<\/strong><\/em><\/span><\/p>\n<p><span style=\"color: #000000;\"><strong><em>\u201cHay un gran espectro de personas y empresas que est\u00e1n involucradas en el desarrollo econ\u00f3mico, para nosotros es importante que las Mesas de Gesti\u00f3n Municipal comiencen a analizar cu\u00e1les son las principales problem\u00e1ticas del sector y qu\u00e9 soluciones se pueden encontrar\u201d<\/em><\/strong>, remarc\u00f3 el funcionario del EMETUR.<\/span><\/p>\n","protected":false},"excerpt":{"rendered":"<p>Se dio lugar a la conformaci\u00f3n de la Mesa de Gesti\u00f3n Local, para acelerar las buenas pr\u00e1cticas a toda la cadena &#8230;<\/p>\n","protected":false},"author":7,"featured_media":139239,"comment_status":"open","ping_status":"open","sticky":false,"template":"","format":"standard","meta":{"footnotes":""},"categories":[5,10],"tags":[],"class_list":["post-139238","post","type-post","status-publish","format-standard","has-post-thumbnail","hentry","category-actualidad","category-destacadas"],"_links":{"self":[{"href":"https:\/\/vinasfm.com\/noticias\/wp-json\/wp\/v2\/posts\/139238","targetHints":{"allow":["GET"]}}],"collection":[{"href":"https:\/\/vinasfm.com\/noticias\/wp-json\/wp\/v2\/posts"}],"about":[{"href":"https:\/\/vinasfm.com\/noticias\/wp-json\/wp\/v2\/types\/post"}],"author":[{"embeddable":true,"href":"https:\/\/vinasfm.com\/noticias\/wp-json\/wp\/v2\/users\/7"}],"replies":[{"embeddable":true,"href":"https:\/\/vinasfm.com\/noticias\/wp-json\/wp\/v2\/comments?post=139238"}],"version-history":[{"count":5,"href":"https:\/\/vinasfm.com\/noticias\/wp-json\/wp\/v2\/posts\/139238\/revisions"}],"predecessor-version":[{"id":139246,"href":"https:\/\/vinasfm.com\/noticias\/wp-json\/wp\/v2\/posts\/139238\/revisions\/139246"}],"wp:featuredmedia":[{"embeddable":true,"href":"https:\/\/vinasfm.com\/noticias\/wp-json\/wp\/v2\/media\/139239"}],"wp:attachment":[{"href":"https:\/\/vinasfm.com\/noticias\/wp-json\/wp\/v2\/media?parent=139238"}],"wp:term":[{"taxonomy":"category","embeddable":true,"href":"https:\/\/vinasfm.com\/noticias\/wp-json\/wp\/v2\/categories?post=139238"},{"taxonomy":"post_tag","embeddable":true,"href":"https:\/\/vinasfm.com\/noticias\/wp-json\/wp\/v2\/tags?post=139238"}],"curies":[{"name":"wp","href":"https:\/\/api.w.org\/{rel}","templated":true}]}}