{"id":139234,"date":"2024-09-05T10:25:42","date_gmt":"2024-09-05T13:25:42","guid":{"rendered":"https:\/\/vinasfm.com\/noticias\/?p=139234"},"modified":"2024-09-05T10:25:42","modified_gmt":"2024-09-05T13:25:42","slug":"alfredo-cornejo-habilito-un-nuevo-aumento-de-la-luz-en-mendoza","status":"publish","type":"post","link":"https:\/\/vinasfm.com\/noticias\/alfredo-cornejo-habilito-un-nuevo-aumento-de-la-luz-en-mendoza\/","title":{"rendered":"ALFREDO CORNEJO HABILIT\u00d3 UN NUEVO AUMENTO DE LA LUZ EN MENDOZA"},"content":{"rendered":"<h4><span style=\"color: #000000;\">A trav\u00e9s de un decreto, el gobernador instruy\u00f3 al EPRE a confeccionar el cuadro tarifario correspondiente a agosto, que se implementar\u00e1 \u201cproporcionalmente\u201d en septiembre y octubre.<\/span><\/h4>\n<p><span style=\"color: #000000;\">El gobernador Alfredo Cornejo instruy\u00f3 al Ente Provincial Regulador El\u00e9ctrico (EPRE) a poner en vigencia\u00a0<strong>los nuevos cuadros tarifarios del servicio el\u00e9ctrico en Mendoza, que incluir\u00e1n un incremento<\/strong>\u00a0vinculado al ajuste del Valor Agregado de Distribuci\u00f3n (VAD) y la actualizaci\u00f3n de los costos de abastecimiento.<\/span><\/p>\n<p><span style=\"color: #000000;\">El EPRE ahora tendr\u00e1 que emitir una resoluci\u00f3n que determine exactamente el alcance del aumento. Esa medida es inminente:\u00a0<strong>se formalizar\u00e1 este viernes o a comienzos de la semana pr\u00f3xima.<\/strong><\/span><\/p>\n<p><span style=\"color: #000000;\">El pasado viernes\u00a0la Secretar\u00eda de Energ\u00eda oficializ\u00f3 la actualizaci\u00f3n de los costos de abastecimiento, que son competencia de la Naci\u00f3n y forman parte de la boleta de luz. Esa resoluci\u00f3n era esperada por el gobierno provincial para determinar el nuevo cuadro tarifario,\u00a0<strong>que incluir\u00e1 tambi\u00e9n el ajuste del VAD<\/strong>, el componente local de la boleta.<\/span><\/p>\n<p><span style=\"color: #000000;\">En tal sentido, a trav\u00e9s de decreto 1.680 del Ministerio de Energ\u00eda, publicado este jueves en el Bolet\u00edn Oficial, la administraci\u00f3n de Cornejo orden\u00f3 al EPRE\u00a0<em>\u201cdeterminar y poner en vigencia los Cuadros Tarifarios Propios de Valor Agregado de Distribuci\u00f3n (VAD Propio) de las Concesionarias del Servicio P\u00fablico de Distribuci\u00f3n de Energ\u00eda El\u00e9ctrica de la Provincia de Mendoza, correspondiente al mes de agosto de 2024, considerando la variaci\u00f3n real que han experimentado los \u00edndices utilizados en su determinaci\u00f3n\u201d.<\/em><\/span><\/p>\n<p><span style=\"color: #000000;\">El art\u00edculo 1 del decreto firmado por el gobernador y por la ministra Jimena Latorre agrega que \u201c<em>la variaci\u00f3n de VAD se implementar\u00e1 proporcionalmente en el mes de setiembre y octubre de 2024\u2033.<\/em><\/span><\/p>\n<p><span style=\"color: #000000;\">En la audiencia p\u00fablica realizada el pasado 1 de agosto, desde el Ente Provincial Regulador El\u00e9ctrico (EPRE) anticiparon que\u00a0el ajuste deber\u00eda rondar el 12%\u00a0en promedio para la tarifa final que pagan los usuarios residenciales.<\/span><\/p>\n<p><span style=\"color: #000000;\">Como a ese porcentaje hay que sumar la actualizaci\u00f3n del costo de abastecimiento, desde el sector privado local advierten que\u00a0<strong>el incremento promedio podr\u00eda oscilar entre el 15% y el 20% en la tarifa final<\/strong>. Aunque no descartan que el golpe sea a\u00fan m\u00e1s fuerte.<\/span><\/p>\n<h2 id=\"h-cambio-en-el-procedimiento\" class=\"wp-block-heading\"><span style=\"color: #000000;\">Cambio en el procedimiento<\/span><\/h2>\n<p><span style=\"color: #000000;\">El decreto de Cornejo tambi\u00e9n incluye\u00a0<strong>una modificaci\u00f3n clave en el procedimiento de adecuaci\u00f3n del VAD<\/strong>, que a pedido de las distribuidoras el\u00e9ctricas se realiza cada tres meses (hasta fines del a\u00f1o pasado esa revisi\u00f3n era semestral).<\/span><\/p>\n<p><span style=\"color: #000000;\">Hasta ahora, para actualizar del VAD s\u00f3lo se ten\u00eda en cuenta la evoluci\u00f3n de la inflaci\u00f3n. Esa medida provoc\u00f3 importantes incrementos, como el aplicado en febrero,\u00a0<strong>que alcanz\u00f3 el 159% en promedio para los usuarios residenciales<\/strong>.<\/span><\/p>\n<p><span style=\"color: #000000;\">Para evitar nuevos tarifazos, el gobierno avanz\u00f3 en cambios sustanciales en un decreto\u00a0firmado por el ex gobernador\u00a0<strong>Rodolfo Suarez<\/strong>\u00a0en noviembre del a\u00f1o pasado. Entonces determin\u00f3 que adem\u00e1s de la inflaci\u00f3n \u201cpasada\u201d,\u00a0<strong>se considerar\u00e1n tambi\u00e9n las principales variables del Relevamiento de Expectativas del Mercado (REM)<\/strong>\u00a0que publica el Banco Central.<\/span><\/p>\n<p><span style=\"color: #000000;\"><em>\u201cTodo ello a efecto de estimar la mejor tendencia y razonabilidad den la variaci\u00f3n de los precios que incide en el c\u00e1lculo del VAD al momento de su determinaci\u00f3n\u201d<\/em>, destaca el anexo del decreto 1.680.<\/span><\/p>\n<p><span style=\"color: #000000;\">En los considerandos de esa norma adem\u00e1s se aclara que\u00a0<em>\u201cen el contexto econ\u00f3mico desinflacionario actual es necesario verificar la variaci\u00f3n real que han experimentado los indicadores utilizados en el proceso de adecuaci\u00f3n del Valor Agregado de Distribuci\u00f3n correspondiente a agosto 2024, dado que los mismos fueron proyectados en el mes de mayo del presente a\u00f1o\u201d.<\/em><\/span><\/p>\n","protected":false},"excerpt":{"rendered":"<p>A trav\u00e9s de un decreto, el gobernador instruy\u00f3 al EPRE a confeccionar el cuadro tarifario correspondiente a agosto, que se implementar\u00e1 &#8230;<\/p>\n","protected":false},"author":7,"featured_media":135055,"comment_status":"open","ping_status":"open","sticky":false,"template":"","format":"standard","meta":{"footnotes":""},"categories":[1],"tags":[],"class_list":["post-139234","post","type-post","status-publish","format-standard","has-post-thumbnail","hentry","category-fmvinas"],"_links":{"self":[{"href":"https:\/\/vinasfm.com\/noticias\/wp-json\/wp\/v2\/posts\/139234","targetHints":{"allow":["GET"]}}],"collection":[{"href":"https:\/\/vinasfm.com\/noticias\/wp-json\/wp\/v2\/posts"}],"about":[{"href":"https:\/\/vinasfm.com\/noticias\/wp-json\/wp\/v2\/types\/post"}],"author":[{"embeddable":true,"href":"https:\/\/vinasfm.com\/noticias\/wp-json\/wp\/v2\/users\/7"}],"replies":[{"embeddable":true,"href":"https:\/\/vinasfm.com\/noticias\/wp-json\/wp\/v2\/comments?post=139234"}],"version-history":[{"count":1,"href":"https:\/\/vinasfm.com\/noticias\/wp-json\/wp\/v2\/posts\/139234\/revisions"}],"predecessor-version":[{"id":139236,"href":"https:\/\/vinasfm.com\/noticias\/wp-json\/wp\/v2\/posts\/139234\/revisions\/139236"}],"wp:featuredmedia":[{"embeddable":true,"href":"https:\/\/vinasfm.com\/noticias\/wp-json\/wp\/v2\/media\/135055"}],"wp:attachment":[{"href":"https:\/\/vinasfm.com\/noticias\/wp-json\/wp\/v2\/media?parent=139234"}],"wp:term":[{"taxonomy":"category","embeddable":true,"href":"https:\/\/vinasfm.com\/noticias\/wp-json\/wp\/v2\/categories?post=139234"},{"taxonomy":"post_tag","embeddable":true,"href":"https:\/\/vinasfm.com\/noticias\/wp-json\/wp\/v2\/tags?post=139234"}],"curies":[{"name":"wp","href":"https:\/\/api.w.org\/{rel}","templated":true}]}}