{"id":139216,"date":"2024-09-05T09:45:28","date_gmt":"2024-09-05T12:45:28","guid":{"rendered":"https:\/\/vinasfm.com\/noticias\/?p=139216"},"modified":"2024-09-06T09:59:26","modified_gmt":"2024-09-06T12:59:26","slug":"la-directora-de-cuidados-alternativos-visito-las-instalaciones-de-la-residencia-alternativa-41","status":"publish","type":"post","link":"https:\/\/vinasfm.com\/noticias\/la-directora-de-cuidados-alternativos-visito-las-instalaciones-de-la-residencia-alternativa-41\/","title":{"rendered":"LA DIRECTORA DE CUIDADOS ALTERNATIVOS VISIT\u00d3 LAS INSTALACIONES DE LA RESIDENCIA ALTERNATIVA 41"},"content":{"rendered":"<h4>La misma fue inaugurada a mediados de agosto y <span style=\"color: black;\">est\u00e1 destinada a 22 ni\u00f1os, ni\u00f1as y adolescentes de entre 0 y 18 a\u00f1os. <\/span><\/h4>\n<p><span style=\"color: #000000;\"><span style=\"color: #003366;\"><strong>Bel\u00e9n Bisaguirre<\/strong><\/span>, <em>directora de Cuidados Alternativos de Mendoza<\/em>, visit\u00f3 la <a href=\"https:\/\/vinasfm.com\/noticias\/garcia-zalazar-inauguro-en-general-alvear-el-hogar-numero-41-de-la-provincia\/\">Residencia Alternativa 41<\/a> en la jornada del mi\u00e9rcoles. La misma es gestionada de forma conjunta entre el Estado provincial y el Municipio de General Alvear.<\/span><\/p>\n<p><span style=\"color: #000000;\">En el Sur de Mendoza hay poco m\u00e1s de 100 menores de edad albergados en residencias alternativas. <em><strong>\u201cCuando el ETI toma medidas en donde no se cuenta con una red familiar que proteja a los menores en estado vulnerable, son ingresados a nuestras residencias a modo de protecci\u00f3n\u201d<\/strong><\/em>, explic\u00f3 Bisaguirre y se\u00f1al\u00f3 que <em><strong>\u201cdurante su estad\u00eda los menores contin\u00faan yendo a las escuelas y realizando sus actividades\u201d. \u00a0<\/strong><\/em><\/span><\/p>\n<p><span style=\"color: #000000;\">La directora de Cuidados Alternativos destac\u00f3 el pr\u00f3ximo funcionamiento del programa de <em>\u201cPadrinazgo Voluntario\u201d<\/em>, que busca crear v\u00ednculos afectivos con los ni\u00f1os y adolescentes en estado vulnerable.<\/span><\/p>\n<p><span style=\"color: #000000;\">Sobre la creaci\u00f3n de la Residencia Alternativa 41, Bisaguirre destac\u00f3 que <em><strong>\u201cen este nuevo lugar se ve a los menores m\u00e1s contentos y sobre todo contenidos. El personal que dirige esta residencia est\u00e1 trabajando muy ordenadamente para crear espacios que permitan el contacto entre los ni\u00f1os y sus familias\u201d<\/strong><\/em>. Es importante mencionar que el objetivo principal de estos hogares es mejorar la calidad de vida de los ni\u00f1os, ni\u00f1as y adolescentes que se encuentran sin cuidados parentales por diversas situaciones de vulneraci\u00f3n.<\/span><\/p>\n<p>\u201cAl inicio de nuestra gesti\u00f3n recorrimos todas las residencias de la provincia, cuestionando le estado en el que encontramos a los chicos albergados. Hoy tratamos de hacer los cambios y mejoras necesarias para que los ni\u00f1os institucionalizados pasen el tiempo en perfecto estado\u201d, remarc\u00f3 Bel\u00e9n Izaguirre.<\/p>\n<p><img loading=\"lazy\" decoding=\"async\" class=\"\" src=\"https:\/\/i0.wp.com\/newspack-elsol.s3.amazonaws.com\/wp-content\/uploads\/2024\/08\/padrinos-voluntarios-3.png?fit=1017%2C662&amp;ssl=1\" width=\"601\" height=\"391\" \/><\/p>\n<h2>PROGRAMA PARINAZO VOLUNTARIO<\/h2>\n<p><span style=\"color: #000000;\">El programa, llevado adelante entre el Ministerio de Educaci\u00f3n, Cultura, Infancias y DGE, junto a la Subsecretar\u00eda de Infancia y Juventudes, busca reforzar la figura de estos padrinos y madrinas cuyo rol consiste en\u00a0<strong>contener, acompa\u00f1ar y proteger a estos chicos\u00a0<\/strong>que est\u00e1n atravesando un proceso de separaci\u00f3n familiar de origen.<\/span><\/p>\n<p><span style=\"color: #000000;\">Del total de ni\u00f1os y adolescentes que\u00a0<strong>se encuentran alojados en esas residencias alternativas<\/strong>, s\u00f3lo 150 est\u00e1n en estado de adoptabilidad, por lo que el afecto y el cari\u00f1o es esencial para el desarrollo de cada uno de ellos.<\/span><\/p>\n<p><span style=\"color: #000000;\">Si bien los chicos fueron apartados de su familia de origen, existe un equipo t\u00e9cnico que junto a la Justicia priorizar\u00e1 que su familia biol\u00f3gica, red extensa o comunitaria puedan asumir nuevamente ese rol, protegiendo de manera integral sus derechos.<\/span><\/p>\n<p><span style=\"color: #000000;\">Si esto no estuviera garantizado, se resuelve declarar su situaci\u00f3n de adoptabilidad, para que pueda desarrollarse en una familia distinta a la de su origen.<\/span><\/p>\n","protected":false},"excerpt":{"rendered":"<p>La misma fue inaugurada a mediados de agosto y est\u00e1 destinada a 22 ni\u00f1os, ni\u00f1as y adolescentes de entre 0 y &#8230;<\/p>\n","protected":false},"author":7,"featured_media":139222,"comment_status":"open","ping_status":"open","sticky":false,"template":"","format":"standard","meta":{"footnotes":""},"categories":[5,11],"tags":[],"class_list":["post-139216","post","type-post","status-publish","format-standard","has-post-thumbnail","hentry","category-actualidad","category-sociales"],"_links":{"self":[{"href":"https:\/\/vinasfm.com\/noticias\/wp-json\/wp\/v2\/posts\/139216","targetHints":{"allow":["GET"]}}],"collection":[{"href":"https:\/\/vinasfm.com\/noticias\/wp-json\/wp\/v2\/posts"}],"about":[{"href":"https:\/\/vinasfm.com\/noticias\/wp-json\/wp\/v2\/types\/post"}],"author":[{"embeddable":true,"href":"https:\/\/vinasfm.com\/noticias\/wp-json\/wp\/v2\/users\/7"}],"replies":[{"embeddable":true,"href":"https:\/\/vinasfm.com\/noticias\/wp-json\/wp\/v2\/comments?post=139216"}],"version-history":[{"count":2,"href":"https:\/\/vinasfm.com\/noticias\/wp-json\/wp\/v2\/posts\/139216\/revisions"}],"predecessor-version":[{"id":139223,"href":"https:\/\/vinasfm.com\/noticias\/wp-json\/wp\/v2\/posts\/139216\/revisions\/139223"}],"wp:featuredmedia":[{"embeddable":true,"href":"https:\/\/vinasfm.com\/noticias\/wp-json\/wp\/v2\/media\/139222"}],"wp:attachment":[{"href":"https:\/\/vinasfm.com\/noticias\/wp-json\/wp\/v2\/media?parent=139216"}],"wp:term":[{"taxonomy":"category","embeddable":true,"href":"https:\/\/vinasfm.com\/noticias\/wp-json\/wp\/v2\/categories?post=139216"},{"taxonomy":"post_tag","embeddable":true,"href":"https:\/\/vinasfm.com\/noticias\/wp-json\/wp\/v2\/tags?post=139216"}],"curies":[{"name":"wp","href":"https:\/\/api.w.org\/{rel}","templated":true}]}}