{"id":139197,"date":"2024-09-04T21:29:21","date_gmt":"2024-09-05T00:29:21","guid":{"rendered":"https:\/\/vinasfm.com\/noticias\/?p=139197"},"modified":"2024-09-05T10:23:57","modified_gmt":"2024-09-05T13:23:57","slug":"el-instituto-universitario-de-seguridad-publica-realizo-un-taller-integrador-en-san-rafael","status":"publish","type":"post","link":"https:\/\/vinasfm.com\/noticias\/el-instituto-universitario-de-seguridad-publica-realizo-un-taller-integrador-en-san-rafael\/","title":{"rendered":"EL INSTITUTO UNIVERSITARIO DE SEGURIDAD P\u00daBLICA REALIZ\u00d3 UN TALLER INTEGRADOR EN SAN RAFAEL"},"content":{"rendered":"<h4><strong><span style=\"vertical-align: inherit;\"><span style=\"vertical-align: inherit;\">La capacitaci\u00f3n incluy\u00f3 simulaciones de accidentes de tr\u00e1nsito y homicidios culposos con la participaci\u00f3n de cadetes, unidades policiales y docentes. El objetivo fue fortalecer la formaci\u00f3n pr\u00e1ctica de los futuros oficiales de polic\u00eda.<\/span><\/span><\/strong><\/h4>\n<p><span style=\"vertical-align: inherit;\"><span style=\"vertical-align: inherit;\">El Instituto Universitario de Seguridad P\u00fablica (IUSP) llev\u00f3 a cabo un taller integrador en el Parque Hip\u00f3lito Yrigoyen, destinado a los alumnos de la delegaci\u00f3n Sur.<\/span><\/span><\/p>\n<p><span style=\"vertical-align: inherit;\"><span style=\"vertical-align: inherit;\">La actividad, que cont\u00f3 con la colaboraci\u00f3n de la Fiscal\u00eda y de dependencias policiales locales, consisti\u00f3 en la simulaci\u00f3n de un accidente de tr\u00e1nsito con lesiones y un caso de homicidio culposo en ocasi\u00f3n de conducci\u00f3n.<\/span><\/span><\/p>\n<p><span style=\"vertical-align: inherit;\"><span style=\"vertical-align: inherit;\">Esta pr\u00e1ctica forma parte del programa de formaci\u00f3n que busca preparar a los cadetes para enfrentar situaciones reales de manera profesional y eficiente.<\/span><\/span><\/p>\n<p><span style=\"vertical-align: inherit;\"><span style=\"vertical-align: inherit;\">Andrea Pelloni, responsable de la delegaci\u00f3n San Rafael de la IUSP, destac\u00f3 la importancia de estas actividades en la formaci\u00f3n de los futuros oficiales. <\/span><\/span><em><strong><span style=\"vertical-align: inherit;\"><span style=\"vertical-align: inherit;\">\u201cEste trabajo integrador busca enlazar las materias que los alumnos reciben en el aula y trasladarlas al terreno. Hoy tuvimos el acompa\u00f1amiento de unidades policiales, docentes y profesionales, lo que nos permite evaluar a los cadetes en un entorno lo m\u00e1s cercano posible a la realidad\u201d<\/span><\/span><\/strong><\/em><span style=\"vertical-align: inherit;\"><span style=\"vertical-align: inherit;\"> , explic\u00f3 Pelloni.<\/span><\/span><\/p>\n<p><span style=\"vertical-align: inherit;\"><span style=\"vertical-align: inherit;\">Asimismo, resalt\u00f3 que <\/span><\/span><em><strong><span style=\"vertical-align: inherit;\"><span style=\"vertical-align: inherit;\">\u201ctrabajos como estos posibilitan cerrar la instancia de formaci\u00f3n y generar una retroalimentaci\u00f3n constante entre el docente y el alumno\u201d<\/span><\/span><\/strong><\/em><span style=\"vertical-align: inherit;\"><span style=\"vertical-align: inherit;\"> .<\/span><\/span><\/p>\n<p><span style=\"vertical-align: inherit;\"><span style=\"vertical-align: inherit;\">Julieta Caba\u00f1as, subcomisaria y coordinadora de la Direcci\u00f3n General de Relaciones con la Comunidad de Zona Sur, tambi\u00e9n particip\u00f3 en la actividad. Subray\u00f3 el rol fundamental del Centro de Asistencia a V\u00edctimas de Delito, programa con el cual colaboraron durante el simulacro. <\/span><\/span><em><strong><span style=\"vertical-align: inherit;\"><span style=\"vertical-align: inherit;\">\u201cEs sumamente importante que los familiares de las v\u00edctimas sean acompa\u00f1ados y contenidos de manera adecuada. Esto permite que las dem\u00e1s unidades puedan cumplir su funci\u00f3n espec\u00edfica de manera correcta\u201d<\/span><\/span><\/strong><\/em><span style=\"vertical-align: inherit;\"><span style=\"vertical-align: inherit;\"> , afirm\u00f3 Caba\u00f1as. Agrega que esta coordinaci\u00f3n interinstitucional busca brindar atenci\u00f3n integral a las v\u00edctimas, acompa\u00f1\u00e1ndolas hasta la \u00faltima instancia del proceso.<\/span><\/span><\/p>\n<p><span style=\"vertical-align: inherit;\"><span style=\"vertical-align: inherit;\">Por su parte, el oficial principal Roberto Parada, encargado de Polic\u00eda Cient\u00edfica de Zona Sur, resalt\u00f3 la relevancia de este tipo de pr\u00e1cticas para la formaci\u00f3n de los cadetes: <\/span><\/span><em><strong><span style=\"vertical-align: inherit;\"><span style=\"vertical-align: inherit;\">\u201cEs crucial que los futuros oficiales puedan enfrentar estas situaciones simuladas para que, cuando se encuentren con hechos reales, ya tengan experiencia. Muchas veces, los polic\u00edas nuevos se enfrentan a situaciones inesperadas, y este tipo de ejercicios les ayudan a mejorar ya proteger de manera m\u00e1s efectiva los escenarios del crimen\u201d<\/span><\/span><\/strong><\/em><span style=\"vertical-align: inherit;\"><span style=\"vertical-align: inherit;\"> , expres\u00f3 Parada.<\/span><\/span><\/p>\n<p><span style=\"vertical-align: inherit;\"><span style=\"vertical-align: inherit;\">Pablo Dom\u00ednguez, comisario general retirado y docente de la IUSP, explic\u00f3 que la actividad es parte de un plan integral dise\u00f1ado en conjunto con el Ministerio de Seguridad y otros docentes del instituto. <\/span><\/span><em><strong><span style=\"vertical-align: inherit;\"><span style=\"vertical-align: inherit;\">\u201cQueremos que los alumnos comprendan todas las variables que involucran una situaci\u00f3n como esta, desde el manejo de testigos y familiares hasta la preservaci\u00f3n del lugar del hecho. La idea es que, cuando se enfrenten a estos casos como oficiales de polic\u00eda, ya cuenten con el conocimiento pr\u00e1ctico para actuar de manera profesional\u201d<\/span><\/span><\/strong><\/em><span style=\"vertical-align: inherit;\"><span style=\"vertical-align: inherit;\"> , se\u00f1al\u00f3 Dom\u00ednguez.<\/span><\/span><\/p>\n<p><span style=\"vertical-align: inherit;\"><span style=\"vertical-align: inherit;\">Finalmente, el comisario general (r) Carlos Siri, coordinador acad\u00e9mico del taller, explic\u00f3 que la actividad, denominada Global Integrador, una seis materias clave para la formaci\u00f3n de los cadetes. <\/span><\/span><em><strong><span style=\"vertical-align: inherit;\"><span style=\"vertical-align: inherit;\">\u201cEl objetivo es que los alumnos trabajen a escala real, que vean las fallas y despu\u00e9s las corrijan en el aula. Esto nos permite sacar muchas conclusiones sobre c\u00f3mo mejorar la formaci\u00f3n de los futuros oficiales\u201d<\/span><\/span><\/strong><\/em><span style=\"vertical-align: inherit;\"><span style=\"vertical-align: inherit;\"> , coment\u00f3 Siri.<\/span><\/span><\/p>\n<p><span style=\"vertical-align: inherit;\"><span style=\"vertical-align: inherit;\">Este taller integrador ha permitido a los cadetes de la IUSP enfrentarse a situaciones complejas bajo la supervisi\u00f3n de expertos, y consolidar as\u00ed su aprendizaje te\u00f3rico con una valiosa experiencia pr\u00e1ctica.<\/span><\/span><\/p>\n<p><span style=\"vertical-align: inherit;\"><span style=\"vertical-align: inherit;\">Tanto los docentes como los responsables de las unidades policiales destacaron la importancia de seguir impulsando este tipo de actividades para mejorar la capacitaci\u00f3n de los futuros oficiales de la Polic\u00eda mendocina.<\/span><\/span><\/p>\n","protected":false},"excerpt":{"rendered":"<p>La capacitaci\u00f3n incluy\u00f3 simulaciones de accidentes de tr\u00e1nsito y homicidios culposos con la participaci\u00f3n de cadetes, unidades policiales y docentes. El &#8230;<\/p>\n","protected":false},"author":7,"featured_media":139198,"comment_status":"open","ping_status":"open","sticky":false,"template":"","format":"standard","meta":{"footnotes":""},"categories":[5,33],"tags":[],"class_list":["post-139197","post","type-post","status-publish","format-standard","has-post-thumbnail","hentry","category-actualidad","category-seguridad"],"_links":{"self":[{"href":"https:\/\/vinasfm.com\/noticias\/wp-json\/wp\/v2\/posts\/139197","targetHints":{"allow":["GET"]}}],"collection":[{"href":"https:\/\/vinasfm.com\/noticias\/wp-json\/wp\/v2\/posts"}],"about":[{"href":"https:\/\/vinasfm.com\/noticias\/wp-json\/wp\/v2\/types\/post"}],"author":[{"embeddable":true,"href":"https:\/\/vinasfm.com\/noticias\/wp-json\/wp\/v2\/users\/7"}],"replies":[{"embeddable":true,"href":"https:\/\/vinasfm.com\/noticias\/wp-json\/wp\/v2\/comments?post=139197"}],"version-history":[{"count":2,"href":"https:\/\/vinasfm.com\/noticias\/wp-json\/wp\/v2\/posts\/139197\/revisions"}],"predecessor-version":[{"id":139235,"href":"https:\/\/vinasfm.com\/noticias\/wp-json\/wp\/v2\/posts\/139197\/revisions\/139235"}],"wp:featuredmedia":[{"embeddable":true,"href":"https:\/\/vinasfm.com\/noticias\/wp-json\/wp\/v2\/media\/139198"}],"wp:attachment":[{"href":"https:\/\/vinasfm.com\/noticias\/wp-json\/wp\/v2\/media?parent=139197"}],"wp:term":[{"taxonomy":"category","embeddable":true,"href":"https:\/\/vinasfm.com\/noticias\/wp-json\/wp\/v2\/categories?post=139197"},{"taxonomy":"post_tag","embeddable":true,"href":"https:\/\/vinasfm.com\/noticias\/wp-json\/wp\/v2\/tags?post=139197"}],"curies":[{"name":"wp","href":"https:\/\/api.w.org\/{rel}","templated":true}]}}