{"id":139170,"date":"2024-09-04T09:09:36","date_gmt":"2024-09-04T12:09:36","guid":{"rendered":"https:\/\/vinasfm.com\/noticias\/?p=139170"},"modified":"2024-09-04T21:32:31","modified_gmt":"2024-09-05T00:32:31","slug":"convocan-a-presentar-proyectos-de-investigacion-en-salud","status":"publish","type":"post","link":"https:\/\/vinasfm.com\/noticias\/convocan-a-presentar-proyectos-de-investigacion-en-salud\/","title":{"rendered":"CONVOCAN A PRESENTAR PROYECTOS DE INVESTIGACI\u00d3N EN SALUD"},"content":{"rendered":"<h4><span style=\"color: #000000;\">La convocatoria es de ventanilla abierta para equipos de investigaci\u00f3n de la provincia en las \u00e1reas de dengue, enfermedades respiratorias y salud mental.<\/span><\/h4>\n<p><span style=\"color: #000000;\">El Ministerio de Salud y Deportes, a trav\u00e9s de la Direcci\u00f3n de Investigaci\u00f3n, Ciencia y T\u00e9cnica (DICyT), <strong>convoca a equipos de investigaci\u00f3n de la provincia a presentar proyectos en las \u00e1reas de dengue, enfermedades respiratorias y salud mental.<\/strong><\/span><\/p>\n<p><span style=\"color: #000000;\">La convocatoria es de ventanilla abierta, lo que significa que<strong> no hay una fecha l\u00edmite espec\u00edfica para la presentaci\u00f3n de proyectos<\/strong>, por lo que pueden ser enviados a lo largo de todo el a\u00f1o. Es importante destacar que el desarrollo de los proyectos estar\u00e1 sujeto a la disponibilidad de fondos.<\/span><\/p>\n<p><span style=\"color: #000000;\">El objetivo del programa Investigadores Mendocinos es <strong>incentivar la producci\u00f3n de conocimiento en salud p\u00fablica mediante la investigaci\u00f3n, promoviendo y financiando proyectos que respondan a las agendas priorizadas por el Ministerio de Salud y Deportes.<\/strong><\/span><\/p>\n<p><span style=\"color: #000000;\">Se aplicar\u00e1n los mismos requisitos documentales establecidos para los estudios Un Centro y Multic\u00e9ntrico de la convocatoria vigente.<\/span><\/p>\n<p><span style=\"color: #000000;\">Consultas, al tel\u00e9fono 0261 4234425 o al correo electr\u00f3nico<\/span><strong>\u00a0<a href=\"mailto:dicytsaludmza@gmail.com\">dicytsaludmza@gmail.com<\/a><\/strong><\/p>\n<p><strong><a href=\"https:\/\/www.mendoza.gov.ar\/salud\/dependencias\/dicyt\/promocion-de-la-investigacion\/progama-subsidio-investigadores-mendocinos\/\" data-type=\"URL\" data-id=\"https:\/\/www.mendoza.gov.ar\/salud\/dependencias\/dicyt\/promocion-de-la-investigacion\/progama-subsidio-investigadores-mendocinos\/\">Bases del concurso<\/a><\/strong><\/p>\n","protected":false},"excerpt":{"rendered":"<p>La convocatoria es de ventanilla abierta para equipos de investigaci\u00f3n de la provincia en las \u00e1reas de dengue, enfermedades respiratorias y &#8230;<\/p>\n","protected":false},"author":7,"featured_media":139171,"comment_status":"open","ping_status":"open","sticky":false,"template":"","format":"standard","meta":{"footnotes":""},"categories":[5,15],"tags":[],"class_list":["post-139170","post","type-post","status-publish","format-standard","has-post-thumbnail","hentry","category-actualidad","category-salud"],"_links":{"self":[{"href":"https:\/\/vinasfm.com\/noticias\/wp-json\/wp\/v2\/posts\/139170","targetHints":{"allow":["GET"]}}],"collection":[{"href":"https:\/\/vinasfm.com\/noticias\/wp-json\/wp\/v2\/posts"}],"about":[{"href":"https:\/\/vinasfm.com\/noticias\/wp-json\/wp\/v2\/types\/post"}],"author":[{"embeddable":true,"href":"https:\/\/vinasfm.com\/noticias\/wp-json\/wp\/v2\/users\/7"}],"replies":[{"embeddable":true,"href":"https:\/\/vinasfm.com\/noticias\/wp-json\/wp\/v2\/comments?post=139170"}],"version-history":[{"count":1,"href":"https:\/\/vinasfm.com\/noticias\/wp-json\/wp\/v2\/posts\/139170\/revisions"}],"predecessor-version":[{"id":139172,"href":"https:\/\/vinasfm.com\/noticias\/wp-json\/wp\/v2\/posts\/139170\/revisions\/139172"}],"wp:featuredmedia":[{"embeddable":true,"href":"https:\/\/vinasfm.com\/noticias\/wp-json\/wp\/v2\/media\/139171"}],"wp:attachment":[{"href":"https:\/\/vinasfm.com\/noticias\/wp-json\/wp\/v2\/media?parent=139170"}],"wp:term":[{"taxonomy":"category","embeddable":true,"href":"https:\/\/vinasfm.com\/noticias\/wp-json\/wp\/v2\/categories?post=139170"},{"taxonomy":"post_tag","embeddable":true,"href":"https:\/\/vinasfm.com\/noticias\/wp-json\/wp\/v2\/tags?post=139170"}],"curies":[{"name":"wp","href":"https:\/\/api.w.org\/{rel}","templated":true}]}}