{"id":139162,"date":"2024-09-03T20:22:29","date_gmt":"2024-09-03T23:22:29","guid":{"rendered":"https:\/\/vinasfm.com\/noticias\/?p=139162"},"modified":"2024-09-04T12:30:14","modified_gmt":"2024-09-04T15:30:14","slug":"san-rafael-cobrara-una-tasa-en-la-tarifa-electrica-para-financiar-la-lucha-antigranizo","status":"publish","type":"post","link":"https:\/\/vinasfm.com\/noticias\/san-rafael-cobrara-una-tasa-en-la-tarifa-electrica-para-financiar-la-lucha-antigranizo\/","title":{"rendered":"POR AMPLIA MAYOR\u00cdA, ENTIDADES SANRAFAELINAS VOTARON PARA RECUPERAR LA LUCHA ANTIGRANIZO QUE ELIMIN\u00d3 EL GOBIERNO PROVINCIAL"},"content":{"rendered":"<h4><span style=\"color: #000000;\">El Centro de Congresos de San Rafael <strong>fue<\/strong> escenario de una importante demostraci\u00f3n de fuerza de la comunidad organizada del departamento que vot\u00f3 \u2013 por amplia mayor\u00eda \u2013 a favor de recuperar la lucha antigranizo que elimin\u00f3 el Gobierno Provincial.<\/span><\/h4>\n<p><span style=\"color: #000000;\">Tras los discursos del intendente Omar F\u00e9lix y 36 oradores de diferentes instituciones, se realiz\u00f3 la votaci\u00f3n y el posterior escrutinio, cuyo resultado fue de <strong>160 adhesiones a la recuperaci\u00f3n de la lucha antigranizo, 7 votos en contra, 5 en blanco y 2 abstenciones.<\/strong><\/span><\/p>\n<p><span style=\"color: #000000;\"><em><strong>\u201cHay facultades que escapan a las obligaciones de un intendente o concejales, como lo es la econom\u00eda, que depende del Gobierno Provincial o Nacional. Por eso apelamos al respaldo que debe tener una decisi\u00f3n de este tipo. Jam\u00e1s har\u00edamos algo as\u00ed a espalda de los sanrafaelinos\u201d<\/strong><\/em>, afirm\u00f3 el jefe comunal.<\/span><\/p>\n<p><span style=\"color: #000000;\">Tras conocerse los resultados, F\u00e9lix sostuvo que <em><strong>\u201cahora son muchas las cuestiones que hay que coordinar. Si bien el dinero se recaudar\u00e1 por bimestre a lo largo del a\u00f1o, hay gastos que hay que afrontar ya, por lo que esperamos que el Gobierno Provincial no se haga el distra\u00eddo, ya que tiene una caja m\u00e1s grande\u201d.<\/strong><\/em><\/span><\/p>\n<p><span style=\"color: #000000;\">El eje principal de los discursos de representantes de entidades apunt\u00f3 a defender la lucha antigranizo, con m\u00faltiples cr\u00edticas a la decisi\u00f3n del gobernador de quitar ese sistema de defensa activa ante tormentas graniceras.<\/span><\/p>\n<p><span style=\"color: #000000;\">En virtud de los resultados de la audiencia, ser\u00e1 el Concejo Deliberante el que trate la incorporaci\u00f3n de un \u00edtem que se a\u00f1adir\u00e1 a la boleta de la luz durante 12 meses a efectos de recuperar la lucha antigranizo en nuestro departamento.<\/span><\/p>\n","protected":false},"excerpt":{"rendered":"<p>El Centro de Congresos de San Rafael fue escenario de una importante demostraci\u00f3n de fuerza de la comunidad organizada del departamento &#8230;<\/p>\n","protected":false},"author":7,"featured_media":139168,"comment_status":"open","ping_status":"open","sticky":false,"template":"","format":"standard","meta":{"footnotes":""},"categories":[10,197],"tags":[],"class_list":["post-139162","post","type-post","status-publish","format-standard","has-post-thumbnail","hentry","category-destacadas","category-lucha-antigranizo"],"_links":{"self":[{"href":"https:\/\/vinasfm.com\/noticias\/wp-json\/wp\/v2\/posts\/139162","targetHints":{"allow":["GET"]}}],"collection":[{"href":"https:\/\/vinasfm.com\/noticias\/wp-json\/wp\/v2\/posts"}],"about":[{"href":"https:\/\/vinasfm.com\/noticias\/wp-json\/wp\/v2\/types\/post"}],"author":[{"embeddable":true,"href":"https:\/\/vinasfm.com\/noticias\/wp-json\/wp\/v2\/users\/7"}],"replies":[{"embeddable":true,"href":"https:\/\/vinasfm.com\/noticias\/wp-json\/wp\/v2\/comments?post=139162"}],"version-history":[{"count":3,"href":"https:\/\/vinasfm.com\/noticias\/wp-json\/wp\/v2\/posts\/139162\/revisions"}],"predecessor-version":[{"id":139169,"href":"https:\/\/vinasfm.com\/noticias\/wp-json\/wp\/v2\/posts\/139162\/revisions\/139169"}],"wp:featuredmedia":[{"embeddable":true,"href":"https:\/\/vinasfm.com\/noticias\/wp-json\/wp\/v2\/media\/139168"}],"wp:attachment":[{"href":"https:\/\/vinasfm.com\/noticias\/wp-json\/wp\/v2\/media?parent=139162"}],"wp:term":[{"taxonomy":"category","embeddable":true,"href":"https:\/\/vinasfm.com\/noticias\/wp-json\/wp\/v2\/categories?post=139162"},{"taxonomy":"post_tag","embeddable":true,"href":"https:\/\/vinasfm.com\/noticias\/wp-json\/wp\/v2\/tags?post=139162"}],"curies":[{"name":"wp","href":"https:\/\/api.w.org\/{rel}","templated":true}]}}