{"id":139157,"date":"2024-09-03T19:07:32","date_gmt":"2024-09-03T22:07:32","guid":{"rendered":"https:\/\/vinasfm.com\/noticias\/?p=139157"},"modified":"2024-09-04T10:30:10","modified_gmt":"2024-09-04T13:30:10","slug":"culmino-la-convocatoria-de-trabajos-para-la-bienal-del-arte-2024","status":"publish","type":"post","link":"https:\/\/vinasfm.com\/noticias\/culmino-la-convocatoria-de-trabajos-para-la-bienal-del-arte-2024\/","title":{"rendered":"CULMIN\u00d3 LA CONVOCATORIA DE TRABAJOS PARA LA BIENAL DEL ARTE 2024"},"content":{"rendered":"<h4>El proceso de preselecci\u00f3n de la Bienal de Arte 2024 ya ha comenzado, y se han recibido alrededor de 150 trabajos en las disciplinas de cer\u00e1mica y dibujo. Este evento cultural se ha convertido en un pilar fundamental para la revitalizaci\u00f3n art\u00edstica de General Alvear, promoviendo la participaci\u00f3n de talentosos artistas de diversas provincias.<\/h4>\n<p>Las obras seleccionadas<strong> estar\u00e1n disponibles para su presentaci\u00f3n al p\u00fablico el 6 de noviembre en Bodega Fara\u00f3n, ubicada en MAGA.<\/strong> Este espacio se transformar\u00e1 en un punto de encuentro donde los visitantes podr\u00e1n apreciar el talento y la creatividad de los artistas participantes.<\/p>\n<p>La Bienal <strong>culminar\u00e1 con la entrega de premios el 8 de diciembre<\/strong>, un momento esperado que no solo reconocer\u00e1 el esfuerzo y dedicaci\u00f3n de los creadores, sino que tambi\u00e9n <strong>celebrar\u00e1 la diversidad cultural que caracteriza a nuestra comunidad.<\/strong><\/p>\n<p>Este proyecto no solo es una plataforma para los artistas, sino que tambi\u00e9n busca fomentar el inter\u00e9s por el arte en el p\u00fablico general, convirtiendo a General Alvear en un referente cultural en la regi\u00f3n. <strong>La participaci\u00f3n activa y el apoyo a los artistas locales son esenciales para seguir construyendo un legado art\u00edstico significativo.<\/strong><\/p>\n<p><em><strong>\u201cCada dos a\u00f1os tenemos la Bienal, un proyecto de hace much\u00edsimos a\u00f1os en General Alvear, participan muchos artistas de diferentes provincias de toda la naci\u00f3n y eso nos revaloriza la cultura en el departamento y nos da una gran importancia a nivel provincial tambi\u00e9n. Estamos muy contentos con toda la recepci\u00f3n de los trabajos y expectantes de qui\u00e9nes ser\u00e1n los preseleccionados y qui\u00e9nes ser\u00e1n los ganadores\u201d<\/strong><\/em>, dijo <span style=\"color: #003366;\"><strong>Mar\u00eda Delia Achetoni<\/strong><\/span>, <em>Directora de Cultura<\/em>.<\/p>\n","protected":false},"excerpt":{"rendered":"<p>El proceso de preselecci\u00f3n de la Bienal de Arte 2024 ya ha comenzado, y se han recibido alrededor de 150 trabajos &#8230;<\/p>\n","protected":false},"author":7,"featured_media":95385,"comment_status":"open","ping_status":"open","sticky":false,"template":"","format":"standard","meta":{"footnotes":""},"categories":[19,10],"tags":[],"class_list":["post-139157","post","type-post","status-publish","format-standard","has-post-thumbnail","hentry","category-cultura","category-destacadas"],"_links":{"self":[{"href":"https:\/\/vinasfm.com\/noticias\/wp-json\/wp\/v2\/posts\/139157","targetHints":{"allow":["GET"]}}],"collection":[{"href":"https:\/\/vinasfm.com\/noticias\/wp-json\/wp\/v2\/posts"}],"about":[{"href":"https:\/\/vinasfm.com\/noticias\/wp-json\/wp\/v2\/types\/post"}],"author":[{"embeddable":true,"href":"https:\/\/vinasfm.com\/noticias\/wp-json\/wp\/v2\/users\/7"}],"replies":[{"embeddable":true,"href":"https:\/\/vinasfm.com\/noticias\/wp-json\/wp\/v2\/comments?post=139157"}],"version-history":[{"count":1,"href":"https:\/\/vinasfm.com\/noticias\/wp-json\/wp\/v2\/posts\/139157\/revisions"}],"predecessor-version":[{"id":139158,"href":"https:\/\/vinasfm.com\/noticias\/wp-json\/wp\/v2\/posts\/139157\/revisions\/139158"}],"wp:featuredmedia":[{"embeddable":true,"href":"https:\/\/vinasfm.com\/noticias\/wp-json\/wp\/v2\/media\/95385"}],"wp:attachment":[{"href":"https:\/\/vinasfm.com\/noticias\/wp-json\/wp\/v2\/media?parent=139157"}],"wp:term":[{"taxonomy":"category","embeddable":true,"href":"https:\/\/vinasfm.com\/noticias\/wp-json\/wp\/v2\/categories?post=139157"},{"taxonomy":"post_tag","embeddable":true,"href":"https:\/\/vinasfm.com\/noticias\/wp-json\/wp\/v2\/tags?post=139157"}],"curies":[{"name":"wp","href":"https:\/\/api.w.org\/{rel}","templated":true}]}}