{"id":139153,"date":"2024-09-03T12:24:21","date_gmt":"2024-09-03T15:24:21","guid":{"rendered":"https:\/\/vinasfm.com\/noticias\/?p=139153"},"modified":"2024-09-04T10:18:32","modified_gmt":"2024-09-04T13:18:32","slug":"el-municipio-brindara-una-importante-charla-sobre-triquinosis","status":"publish","type":"post","link":"https:\/\/vinasfm.com\/noticias\/el-municipio-brindara-una-importante-charla-sobre-triquinosis\/","title":{"rendered":"EL MUNICIPIO BRINDAR\u00c1 UNA IMPORTANTE CHARLA SOBRE TRIQUINOSIS"},"content":{"rendered":"<h4><span style=\"color: #000000;\">Ser\u00e1 este mi\u00e9rcoles 4 de septiembre a las 20:00 horas en el Concejo Deliberante.<\/span><\/h4>\n<p><span style=\"color: #000000;\">E evento contar\u00e1 con la participaci\u00f3n de veterinarios del Senasa y de la Municipalidad, quienes<strong> brindar\u00e1n informaci\u00f3n valiosa y consejos pr\u00e1cticos para prevenir esta enfermedad<\/strong>. La triquinosis es una zoonosis que puede afectar tanto a los animales como a los humanos, por lo que es fundamental conocer las medidas preventivas.<\/span><\/p>\n<p><span style=\"color: #000000;\">Durante la charla, <strong>se har\u00e1 especial hincapi\u00e9 en la importancia de realizar el proceso en el matadero, asegurando as\u00ed la seguridad de la carne que se produce y consume.<\/strong> La participaci\u00f3n de los productores es crucial para fomentar pr\u00e1cticas responsables y proteger la salud p\u00fablica.<\/span><\/p>\n<h2><a href=\"https:\/\/vinasfm.com\/noticias\/triquinosis-las-senales-y-cuidados-para-no-comprar-o-cocinar-carne-en-mal-estado\/\"><span style=\"color: #000000;\">Qu\u00e9 es la triquinosis<\/span><\/a><\/h2>\n<p><span style=\"color: #000000;\">La\u00a0triquinosis\u00a0es una enfermedad parasitaria\u00a0que se presenta en los humanos por el consumo de carne mal cocida o con una alta carga de microorganismos. El par\u00e1sito en cuesti\u00f3n es conocido como\u00a0Trichinella Spiralis, el cual se presenta principalmente en la\u00a0carne de cerdo.<\/span><\/p>\n<p><span style=\"color: #000000;\">Esta enfermedad caus\u00f3 la muerte de un hombre a ra\u00edz de un brote en la localidad de\u00a0Guaymall\u00e9n. Por este motivo,\u00a0Rabino se prest\u00f3 para comunicar las prevenciones que se deben llevar a cabo para disminuir la posibilidad de que este par\u00e1sito se presente en nuestra comida.<\/span><\/p>\n","protected":false},"excerpt":{"rendered":"<p>Ser\u00e1 este mi\u00e9rcoles 4 de septiembre a las 20:00 horas en el Concejo Deliberante. E evento contar\u00e1 con la participaci\u00f3n de &#8230;<\/p>\n","protected":false},"author":7,"featured_media":139156,"comment_status":"open","ping_status":"open","sticky":false,"template":"","format":"standard","meta":{"footnotes":""},"categories":[5,14],"tags":[],"class_list":["post-139153","post","type-post","status-publish","format-standard","has-post-thumbnail","hentry","category-actualidad","category-agro"],"_links":{"self":[{"href":"https:\/\/vinasfm.com\/noticias\/wp-json\/wp\/v2\/posts\/139153","targetHints":{"allow":["GET"]}}],"collection":[{"href":"https:\/\/vinasfm.com\/noticias\/wp-json\/wp\/v2\/posts"}],"about":[{"href":"https:\/\/vinasfm.com\/noticias\/wp-json\/wp\/v2\/types\/post"}],"author":[{"embeddable":true,"href":"https:\/\/vinasfm.com\/noticias\/wp-json\/wp\/v2\/users\/7"}],"replies":[{"embeddable":true,"href":"https:\/\/vinasfm.com\/noticias\/wp-json\/wp\/v2\/comments?post=139153"}],"version-history":[{"count":1,"href":"https:\/\/vinasfm.com\/noticias\/wp-json\/wp\/v2\/posts\/139153\/revisions"}],"predecessor-version":[{"id":139155,"href":"https:\/\/vinasfm.com\/noticias\/wp-json\/wp\/v2\/posts\/139153\/revisions\/139155"}],"wp:featuredmedia":[{"embeddable":true,"href":"https:\/\/vinasfm.com\/noticias\/wp-json\/wp\/v2\/media\/139156"}],"wp:attachment":[{"href":"https:\/\/vinasfm.com\/noticias\/wp-json\/wp\/v2\/media?parent=139153"}],"wp:term":[{"taxonomy":"category","embeddable":true,"href":"https:\/\/vinasfm.com\/noticias\/wp-json\/wp\/v2\/categories?post=139153"},{"taxonomy":"post_tag","embeddable":true,"href":"https:\/\/vinasfm.com\/noticias\/wp-json\/wp\/v2\/tags?post=139153"}],"curies":[{"name":"wp","href":"https:\/\/api.w.org\/{rel}","templated":true}]}}