{"id":139150,"date":"2024-09-03T11:18:37","date_gmt":"2024-09-03T14:18:37","guid":{"rendered":"https:\/\/vinasfm.com\/noticias\/?p=139150"},"modified":"2024-09-03T11:18:37","modified_gmt":"2024-09-03T14:18:37","slug":"transito-interrumpido-en-calle-centenario-por-obras","status":"publish","type":"post","link":"https:\/\/vinasfm.com\/noticias\/transito-interrumpido-en-calle-centenario-por-obras\/","title":{"rendered":"TR\u00c1NSITO INTERRUMPIDO EN CALLE CENTENARIO POR OBRAS"},"content":{"rendered":"<h4><span style=\"color: #000000;\">La Municipalidad de General Alvear inform\u00f3 aque se procedi\u00f3 al corte de la calle Centenario, entre ruta Nacional 143 Sur y Calle 5. <\/span><\/h4>\n<p><span style=\"color: #000000;\">Esta medida es necesaria para llevar a cabo tareas de empalme de agua a cargo de la Secretar\u00eda de Obras y Servicios P\u00fablicos.<\/span><\/p>\n<p><span style=\"color: #000000;\">Se estima que los trabajos podr\u00edan finalizar antes de lo previsto, por lo que se solicita a los vecinos tomar precauciones y considerar rutas alternativas durante este per\u00edodo.<\/span><\/p>\n<p><span style=\"color: #000000;\"><em><strong>\u00abAgradecemos la comprensi\u00f3n y colaboraci\u00f3n de todos los ciudadanos. La mejora en los servicios es una prioridad para nuestra gesti\u00f3n\u00bb<\/strong><\/em>, expresaron en un comunicado.<\/span><\/p>\n","protected":false},"excerpt":{"rendered":"<p>La Municipalidad de General Alvear inform\u00f3 aque se procedi\u00f3 al corte de la calle Centenario, entre ruta Nacional 143 Sur y &#8230;<\/p>\n","protected":false},"author":7,"featured_media":139151,"comment_status":"open","ping_status":"open","sticky":false,"template":"","format":"standard","meta":{"footnotes":""},"categories":[1],"tags":[],"class_list":["post-139150","post","type-post","status-publish","format-standard","has-post-thumbnail","hentry","category-fmvinas"],"_links":{"self":[{"href":"https:\/\/vinasfm.com\/noticias\/wp-json\/wp\/v2\/posts\/139150","targetHints":{"allow":["GET"]}}],"collection":[{"href":"https:\/\/vinasfm.com\/noticias\/wp-json\/wp\/v2\/posts"}],"about":[{"href":"https:\/\/vinasfm.com\/noticias\/wp-json\/wp\/v2\/types\/post"}],"author":[{"embeddable":true,"href":"https:\/\/vinasfm.com\/noticias\/wp-json\/wp\/v2\/users\/7"}],"replies":[{"embeddable":true,"href":"https:\/\/vinasfm.com\/noticias\/wp-json\/wp\/v2\/comments?post=139150"}],"version-history":[{"count":1,"href":"https:\/\/vinasfm.com\/noticias\/wp-json\/wp\/v2\/posts\/139150\/revisions"}],"predecessor-version":[{"id":139152,"href":"https:\/\/vinasfm.com\/noticias\/wp-json\/wp\/v2\/posts\/139150\/revisions\/139152"}],"wp:featuredmedia":[{"embeddable":true,"href":"https:\/\/vinasfm.com\/noticias\/wp-json\/wp\/v2\/media\/139151"}],"wp:attachment":[{"href":"https:\/\/vinasfm.com\/noticias\/wp-json\/wp\/v2\/media?parent=139150"}],"wp:term":[{"taxonomy":"category","embeddable":true,"href":"https:\/\/vinasfm.com\/noticias\/wp-json\/wp\/v2\/categories?post=139150"},{"taxonomy":"post_tag","embeddable":true,"href":"https:\/\/vinasfm.com\/noticias\/wp-json\/wp\/v2\/tags?post=139150"}],"curies":[{"name":"wp","href":"https:\/\/api.w.org\/{rel}","templated":true}]}}