{"id":139079,"date":"2024-08-31T09:19:21","date_gmt":"2024-08-31T12:19:21","guid":{"rendered":"https:\/\/vinasfm.com\/noticias\/?p=139079"},"modified":"2024-09-02T10:03:19","modified_gmt":"2024-09-02T13:03:19","slug":"alcohol-al-volante-un-auto-volco-en-villa-atuel","status":"publish","type":"post","link":"https:\/\/vinasfm.com\/noticias\/alcohol-al-volante-un-auto-volco-en-villa-atuel\/","title":{"rendered":"ALCOHOL AL VOLANTE: UN AUTO VOLC\u00d3 EN VILLA ATUEL"},"content":{"rendered":"<h4><span style=\"color: #000000;\">Un vuelco se produjo esta ma\u00f1ana en Villa Atuel. El conductor del rodado arroj\u00f3 resultado positivo ante el examen de alcoholemia.<\/span><\/h4>\n<p><span style=\"color: #000000;\">El siniestro vial ocurri\u00f3 cerca de las 7 cuando un hombre de 35 a\u00f1os circulaba por la Ruta Nacional 143 de Este a Oeste. A la altura del kil\u00f3metro 472, y seg\u00fan sus palabras, habr\u00eda reventado un neum\u00e1tico por lo que perdi\u00f3 el control del autom\u00f3vil y termin\u00f3 volcando en la banquina sur de la ruta, quedando apoyado sobre el techo con las 4 ruedas hacia arriba.<\/span><\/p>\n<p><span style=\"color: #000000;\">En el lugar se hizo presente la ambulancia del centro de salud de Villa Atuel con enfermeros, quienes brindaron una primera asistencia al hombre y lo trasladaron al hospital Enfermeros Argentinos, para mejor asistencia pese a presentar lesiones de car\u00e1cter leve. Por directivas de la ayudante fiscal, y tras comprobarse que el conductor present\u00f3 m\u00e1s de 1 gr.\/l de alcohol, el ciudadano fue aprehendido, se le retuvo el autom\u00f3vil y la licencia de conducir.<\/span><\/p>\n","protected":false},"excerpt":{"rendered":"<p>Un vuelco se produjo esta ma\u00f1ana en Villa Atuel. El conductor del rodado arroj\u00f3 resultado positivo ante el examen de alcoholemia. &#8230;<\/p>\n","protected":false},"author":7,"featured_media":139080,"comment_status":"open","ping_status":"open","sticky":false,"template":"","format":"standard","meta":{"footnotes":""},"categories":[7,184],"tags":[],"class_list":["post-139079","post","type-post","status-publish","format-standard","has-post-thumbnail","hentry","category-politica","category-siniestro-vial"],"_links":{"self":[{"href":"https:\/\/vinasfm.com\/noticias\/wp-json\/wp\/v2\/posts\/139079","targetHints":{"allow":["GET"]}}],"collection":[{"href":"https:\/\/vinasfm.com\/noticias\/wp-json\/wp\/v2\/posts"}],"about":[{"href":"https:\/\/vinasfm.com\/noticias\/wp-json\/wp\/v2\/types\/post"}],"author":[{"embeddable":true,"href":"https:\/\/vinasfm.com\/noticias\/wp-json\/wp\/v2\/users\/7"}],"replies":[{"embeddable":true,"href":"https:\/\/vinasfm.com\/noticias\/wp-json\/wp\/v2\/comments?post=139079"}],"version-history":[{"count":1,"href":"https:\/\/vinasfm.com\/noticias\/wp-json\/wp\/v2\/posts\/139079\/revisions"}],"predecessor-version":[{"id":139081,"href":"https:\/\/vinasfm.com\/noticias\/wp-json\/wp\/v2\/posts\/139079\/revisions\/139081"}],"wp:featuredmedia":[{"embeddable":true,"href":"https:\/\/vinasfm.com\/noticias\/wp-json\/wp\/v2\/media\/139080"}],"wp:attachment":[{"href":"https:\/\/vinasfm.com\/noticias\/wp-json\/wp\/v2\/media?parent=139079"}],"wp:term":[{"taxonomy":"category","embeddable":true,"href":"https:\/\/vinasfm.com\/noticias\/wp-json\/wp\/v2\/categories?post=139079"},{"taxonomy":"post_tag","embeddable":true,"href":"https:\/\/vinasfm.com\/noticias\/wp-json\/wp\/v2\/tags?post=139079"}],"curies":[{"name":"wp","href":"https:\/\/api.w.org\/{rel}","templated":true}]}}