{"id":139007,"date":"2024-08-27T08:44:42","date_gmt":"2024-08-27T11:44:42","guid":{"rendered":"https:\/\/vinasfm.com\/noticias\/?p=139007"},"modified":"2024-08-30T14:10:17","modified_gmt":"2024-08-30T17:10:17","slug":"desde-el-emetur-ponen-en-marcha-distintas-acciones-turisticas-para-la-provincia","status":"publish","type":"post","link":"https:\/\/vinasfm.com\/noticias\/desde-el-emetur-ponen-en-marcha-distintas-acciones-turisticas-para-la-provincia\/","title":{"rendered":"DESDE EL EMETUR PONEN EN MARCHA DISTINTAS ACCIONES TUR\u00cdSTICAS PARA LA PROVINCIA"},"content":{"rendered":"<h4><span style=\"color: #000000;\">Una de ellas busca establecer a La Payunia como Patrimonio de la Humanidad, la otra busca la se\u00f1alizaci\u00f3n de grandes senderos en la Cordillera de Los Andes.<\/span><\/h4>\n<p><span style=\"color: #000000;\">La reserva natural <em>\u201cLa Payunia\u201d<\/em> es un \u00e1rea natural protegida ubicada en el sur de la provincia de Mendoza, en el departamento de Malarg\u00fce. La propuesta surge del Comit\u00e9 Nacional integrado por t\u00e9cnicos de \u00e1reas protegidas, la Municipalidad de Malarg\u00fce, personal de la Secretar\u00eda de Ambiente y CONAPLU.<\/span><\/p>\n<p><span style=\"color: #000000;\">Carlos Weiner, delegado de la Zona Sur del EMETUR, explic\u00f3 que<strong><em> \u201cse est\u00e1 elaborando el dossier final para poder presentar y que el pr\u00f3ximo a\u00f1o, cuando la ONU eval\u00fae todas las propuestas, finalmente La Payunia obtenga la denominaci\u00f3n como Patrimonio de la Humanidad\u201d.<\/em> <\/strong>Esta zona es la mayor concentraci\u00f3n de volcanes de modo continental presente en Mendoza, la m\u00e1s importante de Argentina y compendio geol\u00f3gico del vulcanismo y la evoluci\u00f3n de la tierra.<\/span><\/p>\n<p><span style=\"color: #000000;\"><em>\u201cLa Payunia\u201d<\/em> resulta un territorio rico en recursos, muy valioso para los departamentos del sur.\u00a0Con m\u00e1s de 800 volcanes, es uno de los campos volc\u00e1nicos de mayor densidad de la Tierra. Su gran belleza paisaj\u00edstica deslumbra con desiertos negros, dorados y cobrizos.<\/span><\/p>\n<p><img loading=\"lazy\" decoding=\"async\" class=\"\" src=\"https:\/\/encrypted-tbn0.gstatic.com\/images?q=tbn:ANd9GcTt4wugs5TzZ8qYwyKT7LUSZnqtvA26tdneWg&amp;s\" alt=\"Es lo mismo senderismo, trekking y monta\u00f1ismo?\" width=\"388\" height=\"239\" \/><\/p>\n<p><span style=\"color: #000000;\">Otro de los proyectos del EMETUR busca potenciar el turismo internacional en la Cordillera de Los Andes. <em><strong>\u201cNuestro propuesta se denomina <\/strong><\/em><strong>\u2018Senderos de Gran Recorrido en la provincia de Mendoza\u2019<\/strong><em><strong>. Con esta iniciativa buscamos definir senderos atractivos para el senderismo y el trekking\u201d.<\/strong><\/em> Esta propuesta est\u00e1 siendo llevada a los 7 munipios de tienen conexi\u00f3n directa con la Cordillera, para lograr ofrecerle al turista una propuesta atractiva.<\/span><\/p>\n<p><span style=\"color: #000000;\">Gran parte de los senderos de Mendoza son parte de la historia de nuestro pa\u00eds ya que fueron utilizados por los arrieros para la liberaci\u00f3n de Chile. Posteriormente el Ejercito Argentino utiliz\u00f3 estos caminos como estrategia para proteger nuestras fronteras.<\/span><\/p>\n<p>UNA ESTRELLA MICHEL\u00cdN EN GENERAL ALVEAR<\/p>\n<p>En ese sentido Carlos destac\u00f3 que el departamento ser\u00e1 sede de la Expo de Vinos y Gastronom\u00eda:\u00a0 <em><strong>&#8216;el d\u00eda 4 y 5 de octubre, el pr\u00f3ximo mes, en Alvear se va a concretar la Expo de Vinos y Gastronom\u00eda Alvear, en Bodega Fara\u00f3n, en lo cual est\u00e1 trabajando la Direcci\u00f3n de Turismo del Departamento, el municipio, con los CCT de Capacitaci\u00f3n para el Trabajo, m\u00e1s el acompa\u00f1amiento por parte del Ente y por parte de AEGA\u00bb.\u00a0<\/strong><\/em><\/p>\n<p>Adem\u00e1s inform\u00f3 que trabajaran en conjunto con una Estrella Michelin: &#8216; nosotros vamos a colaborar desde el Ente con la presencia de Mat\u00edas Guti\u00e9rrez, una de las estrellas Michelin que cuenta la provincia de Mendoza, el es chef ejecutivo del restaurante Abrazado de la bodega Los Toneles, para nosotros va a ser un orgullo porque va a venir a dar una clase magistral de cocina&#8217;<\/p>\n","protected":false},"excerpt":{"rendered":"<p>Una de ellas busca establecer a La Payunia como Patrimonio de la Humanidad, la otra busca la se\u00f1alizaci\u00f3n de grandes senderos &#8230;<\/p>\n","protected":false},"author":7,"featured_media":136112,"comment_status":"open","ping_status":"open","sticky":false,"template":"","format":"standard","meta":{"footnotes":""},"categories":[5,21],"tags":[],"class_list":["post-139007","post","type-post","status-publish","format-standard","has-post-thumbnail","hentry","category-actualidad","category-turismo-2"],"_links":{"self":[{"href":"https:\/\/vinasfm.com\/noticias\/wp-json\/wp\/v2\/posts\/139007","targetHints":{"allow":["GET"]}}],"collection":[{"href":"https:\/\/vinasfm.com\/noticias\/wp-json\/wp\/v2\/posts"}],"about":[{"href":"https:\/\/vinasfm.com\/noticias\/wp-json\/wp\/v2\/types\/post"}],"author":[{"embeddable":true,"href":"https:\/\/vinasfm.com\/noticias\/wp-json\/wp\/v2\/users\/7"}],"replies":[{"embeddable":true,"href":"https:\/\/vinasfm.com\/noticias\/wp-json\/wp\/v2\/comments?post=139007"}],"version-history":[{"count":4,"href":"https:\/\/vinasfm.com\/noticias\/wp-json\/wp\/v2\/posts\/139007\/revisions"}],"predecessor-version":[{"id":139057,"href":"https:\/\/vinasfm.com\/noticias\/wp-json\/wp\/v2\/posts\/139007\/revisions\/139057"}],"wp:featuredmedia":[{"embeddable":true,"href":"https:\/\/vinasfm.com\/noticias\/wp-json\/wp\/v2\/media\/136112"}],"wp:attachment":[{"href":"https:\/\/vinasfm.com\/noticias\/wp-json\/wp\/v2\/media?parent=139007"}],"wp:term":[{"taxonomy":"category","embeddable":true,"href":"https:\/\/vinasfm.com\/noticias\/wp-json\/wp\/v2\/categories?post=139007"},{"taxonomy":"post_tag","embeddable":true,"href":"https:\/\/vinasfm.com\/noticias\/wp-json\/wp\/v2\/tags?post=139007"}],"curies":[{"name":"wp","href":"https:\/\/api.w.org\/{rel}","templated":true}]}}