{"id":138888,"date":"2024-08-27T11:25:33","date_gmt":"2024-08-27T14:25:33","guid":{"rendered":"https:\/\/vinasfm.com\/noticias\/?p=138888"},"modified":"2024-08-28T09:45:07","modified_gmt":"2024-08-28T12:45:07","slug":"oficializaron-los-aumentos-para-las-empleadas-domesticas-con-las-subas-de-julio-y-agosto","status":"publish","type":"post","link":"https:\/\/vinasfm.com\/noticias\/oficializaron-los-aumentos-para-las-empleadas-domesticas-con-las-subas-de-julio-y-agosto\/","title":{"rendered":"OFICIALIZARON LOS AUMENTOS PARA LAS EMPLEADAS DOM\u00c9STICAS CON LAS SUBAS DE JULIO Y AGOSTO"},"content":{"rendered":"<h4><strong>La actualizaci\u00f3n salarial para las empleadas dom\u00e9sticas alcanza el 13% y se divide en dos tramos. El 18 de septiembre volver\u00e1n a revisar los salarios del sector.<\/strong><\/h4>\n<article class=\"article-body first\">\n<div class=\"article-content\">\n<div class=\"cuerpo\" data-twitter-link=\"\">\n<p>La Comisi\u00f3n Nacional de Trabajo en Casas Particulares (CTCP) oficializ\u00f3 el<strong>\u00a0incremento<\/strong>\u00a0del 13% en promedio para las\u00a0<strong><a href=\"https:\/\/www.diariouno.com.ar\/tags\/empleadas-domesticas\" target=\"_blank\" rel=\"follow noopener\">empleadas dom\u00e9sticas<\/a><\/strong>, correspondiente a julio y agosto, luego de tres semanas de que se haya acordado la suba.<\/p>\n<\/div>\n<\/div>\n<\/article>\n<article class=\"article-body\">\n<div class=\"article-content\">\n<div class=\"cuerpo\" data-twitter-link=\"\">\n<p>La actualizaci\u00f3n salarial para las remuneraciones horarias y mensuales m\u00ednimas del personal que realiza\u00a0<strong>tareas dom\u00e9sticas<\/strong>\u00a0fijada para los meses de julio y agosto\u00a0<strong>fue homologada este martes\u00a0<\/strong>mediante la<strong>\u00a0Resoluci\u00f3n 1\/2024<\/strong>, publicada en el Bolet\u00edn Oficial de la Naci\u00f3n.<\/p>\n<p>El aumento se repartir\u00e1 en dos tramos, por lo que los sueldos para las\u00a0<strong>empleadas dom\u00e9sticas<\/strong>\u00a0tendr\u00e1n una suba del 8,5% en julio y del 4% en agosto. Los que cobran de manera mensual percibir\u00e1n la\u00a0<strong>recomposici\u00f3n<\/strong>\u00a0salarial de<strong>\u00a0julio\u00a0<\/strong>sobre la base de los haberes pagados en mayo y la de agosto respecto a los sueldos abonados en julio.<\/p>\n<p>Adem\u00e1s, el texto oficial estipula que la suba acordada incluye una cl\u00e1usula de revisi\u00f3n el\u00a0<strong>18 de septiembre de 2024<\/strong>. De esta manera, las representaciones sectoriales de trabajadores, empleadores y de los Ministerios y Secretar\u00edas integrantes de la CTCP se volver\u00e1n a juntar el pr\u00f3ximo mes para evaluar una nueva actualizaci\u00f3n.<\/p>\n<p>El \u00faltimo\u00a0<strong>incremento\u00a0<\/strong>hab\u00eda sido acordado en mayo para\u00a0<strong>empleadas dom\u00e9sticas<\/strong>, cuando se defini\u00f3 un aumento paritario del 18% dividido tambi\u00e9n en dos tramos: 11% en abril y 7% en mayo. En el caso de los trabajadores que cobran por mes, el \u00faltimo ajuste lo recibieron a principios de junio.<\/p>\n<h2>Empleadas dom\u00e9sticas: c\u00f3mo quedan los salarios con la suba del 8,5% en julio:<\/h2>\n<ul>\n<li>Supervisores con retiro: $3.038 la hora y $379.070 el mes trabajado.<\/li>\n<li>Supervisores sin retiro: $3.328 la hora y $422.242 el mes.<\/li>\n<li>Personal para tareas espec\u00edficas con retiro: $2.876 la hora y $352.177 el mes.<\/li>\n<li>Personal para tareas espec\u00edficas sin retiro: $3.154 la hora y $392.034 el mes.<\/li>\n<li>Caseros: $2.717 la hora y $343.606 el mes.<\/li>\n<li>Asistencia y cuidado de personas con retiro: $2.717 la hora y $343.606 el mes.<\/li>\n<li>Asistencia y cuidado de personas sin retiro: $3.038 la hora y $382.912 el mes.<\/li>\n<li>Personal para tareas generales con retiro: $2.519 la hora y $309.001 el mes.<\/li>\n<li>Personal para tareas generales sin retiro: $2.717 la hora y $343.606 el mes.<\/li>\n<\/ul>\n<\/div>\n<\/div>\n<\/article>\n<p>&nbsp;<\/p>\n<ul>\n<li>Supervisores con retiro: $3.160 la hora y $394.233 el mes trabajado.<\/li>\n<li>Supervisores sin retiro: $3.461 la hora y $439.131 el mes.<\/li>\n<li>Personal para tareas espec\u00edficas con retiro: $2.992 la hora y $366.265 el mes.<\/li>\n<li>Personal para tareas espec\u00edficas sin retiro: $3.280 la hora y $407.715 el mes.<\/li>\n<li>Caseros: $2.826 la hora y $357.350 el mes.<\/li>\n<li>Asistencia y cuidado de personas con retiro: $2.826 la hora y $357.350 el mes.<\/li>\n<li>Asistencia y cuidado de personas sin retiro: $3.160 la hora y $398.229 el mes.<\/li>\n<li>Personal para tareas generales con retiro: $2.620 la hora y $321.361 el mes.<\/li>\n<li>Personal para tareas generales sin retiro: $2.826 la hora y $357.350 el mes.<\/li>\n<\/ul>\n","protected":false},"excerpt":{"rendered":"<p>La actualizaci\u00f3n salarial para las empleadas dom\u00e9sticas alcanza el 13% y se divide en dos tramos. El 18 de septiembre volver\u00e1n &#8230;<\/p>\n","protected":false},"author":7,"featured_media":125112,"comment_status":"open","ping_status":"open","sticky":false,"template":"","format":"standard","meta":{"footnotes":""},"categories":[5,16],"tags":[],"class_list":["post-138888","post","type-post","status-publish","format-standard","has-post-thumbnail","hentry","category-actualidad","category-economia"],"_links":{"self":[{"href":"https:\/\/vinasfm.com\/noticias\/wp-json\/wp\/v2\/posts\/138888","targetHints":{"allow":["GET"]}}],"collection":[{"href":"https:\/\/vinasfm.com\/noticias\/wp-json\/wp\/v2\/posts"}],"about":[{"href":"https:\/\/vinasfm.com\/noticias\/wp-json\/wp\/v2\/types\/post"}],"author":[{"embeddable":true,"href":"https:\/\/vinasfm.com\/noticias\/wp-json\/wp\/v2\/users\/7"}],"replies":[{"embeddable":true,"href":"https:\/\/vinasfm.com\/noticias\/wp-json\/wp\/v2\/comments?post=138888"}],"version-history":[{"count":1,"href":"https:\/\/vinasfm.com\/noticias\/wp-json\/wp\/v2\/posts\/138888\/revisions"}],"predecessor-version":[{"id":138889,"href":"https:\/\/vinasfm.com\/noticias\/wp-json\/wp\/v2\/posts\/138888\/revisions\/138889"}],"wp:featuredmedia":[{"embeddable":true,"href":"https:\/\/vinasfm.com\/noticias\/wp-json\/wp\/v2\/media\/125112"}],"wp:attachment":[{"href":"https:\/\/vinasfm.com\/noticias\/wp-json\/wp\/v2\/media?parent=138888"}],"wp:term":[{"taxonomy":"category","embeddable":true,"href":"https:\/\/vinasfm.com\/noticias\/wp-json\/wp\/v2\/categories?post=138888"},{"taxonomy":"post_tag","embeddable":true,"href":"https:\/\/vinasfm.com\/noticias\/wp-json\/wp\/v2\/tags?post=138888"}],"curies":[{"name":"wp","href":"https:\/\/api.w.org\/{rel}","templated":true}]}}