{"id":138887,"date":"2024-08-27T11:31:04","date_gmt":"2024-08-27T14:31:04","guid":{"rendered":"https:\/\/vinasfm.com\/noticias\/?p=138887"},"modified":"2024-08-28T09:44:56","modified_gmt":"2024-08-28T12:44:56","slug":"inicia-la-instancia-departamental-de-la-receta-de-la-abuela","status":"publish","type":"post","link":"https:\/\/vinasfm.com\/noticias\/inicia-la-instancia-departamental-de-la-receta-de-la-abuela\/","title":{"rendered":"INICIA LA INSTANCIA DEPARTAMENTAL DE \u201cLA RECETA DE LA ABUELA\u201d"},"content":{"rendered":"<h4><span style=\"color: #000000;\">Los mejores cocineros del departamento compiten por representar a General Alvear en la final provincial. La instancia departamental ser\u00e1 el jueves 12 de septiembre. <\/span><\/h4>\n<p><span style=\"color: #000000;\">Desde el a\u00f1o 2018, el evento ha celebrado las tradiciones culinarias de los adultos mayores. <span style=\"color: #003366;\"><strong>Jorgelina Peralta<\/strong><\/span>, del \u00e1rea de <em>Adultos Mayores<\/em>, se\u00f1al\u00f3 que <em><strong>\u201cdurante todo el mes de agosto se han recibido las recetas de los participantes, que luego se enfrentar\u00e1n en la final departamental\u201d.<\/strong><\/em><\/span><\/p>\n<p><span style=\"color: #000000;\">Los requisitos para participar es ser mayor de 60 a\u00f1os y presentar una receta dulce o salada, escrita de pu\u00f1o y letra en una hoja blanca, con firma, nombre y n\u00famero de tel\u00e9fono. <\/span><\/p>\n<p><span style=\"color: #000000;\">El jueves 12 de septiembre, los palpitantes cocinar\u00e1n en vivo \u2013 recetas dulces y saladas \u2013 y ser\u00e1n evaluados por un jurado integrado por <strong><span style=\"color: #003366;\">Lucas Luppo<\/span><\/strong> <em>(director de Adultos Mayores de Mendoza)<\/em>, <span style=\"color: #003366;\"><strong>Gabriela Arzel\u00e1n<\/strong><\/span> <em>(directora de Familia de General Alvear)<\/em> y el profesor del taller de panader\u00eda del CIC Soemga. <strong>La instancia departamental se realizar\u00e1 en el mencionado Centro Integrador Comunitario desde las 14:30 hasta las 18:00 horas.<\/strong><\/span><\/p>\n<p><span style=\"color: #000000;\">Luego, en la final provincial, 18 representantes departamentales tendr\u00e1n la oportunidad de cocinar en vivo sus recetas heredadas, con el objetivo de recuperar y preservar las tradiciones familiares y transmitirlas a las nuevas generaciones.<\/span><\/p>\n","protected":false},"excerpt":{"rendered":"<p>Los mejores cocineros del departamento compiten por representar a General Alvear en la final provincial. La instancia departamental ser\u00e1 el jueves &#8230;<\/p>\n","protected":false},"author":7,"featured_media":138892,"comment_status":"open","ping_status":"open","sticky":false,"template":"","format":"standard","meta":{"footnotes":""},"categories":[10,11],"tags":[],"class_list":["post-138887","post","type-post","status-publish","format-standard","has-post-thumbnail","hentry","category-destacadas","category-sociales"],"_links":{"self":[{"href":"https:\/\/vinasfm.com\/noticias\/wp-json\/wp\/v2\/posts\/138887","targetHints":{"allow":["GET"]}}],"collection":[{"href":"https:\/\/vinasfm.com\/noticias\/wp-json\/wp\/v2\/posts"}],"about":[{"href":"https:\/\/vinasfm.com\/noticias\/wp-json\/wp\/v2\/types\/post"}],"author":[{"embeddable":true,"href":"https:\/\/vinasfm.com\/noticias\/wp-json\/wp\/v2\/users\/7"}],"replies":[{"embeddable":true,"href":"https:\/\/vinasfm.com\/noticias\/wp-json\/wp\/v2\/comments?post=138887"}],"version-history":[{"count":2,"href":"https:\/\/vinasfm.com\/noticias\/wp-json\/wp\/v2\/posts\/138887\/revisions"}],"predecessor-version":[{"id":138906,"href":"https:\/\/vinasfm.com\/noticias\/wp-json\/wp\/v2\/posts\/138887\/revisions\/138906"}],"wp:featuredmedia":[{"embeddable":true,"href":"https:\/\/vinasfm.com\/noticias\/wp-json\/wp\/v2\/media\/138892"}],"wp:attachment":[{"href":"https:\/\/vinasfm.com\/noticias\/wp-json\/wp\/v2\/media?parent=138887"}],"wp:term":[{"taxonomy":"category","embeddable":true,"href":"https:\/\/vinasfm.com\/noticias\/wp-json\/wp\/v2\/categories?post=138887"},{"taxonomy":"post_tag","embeddable":true,"href":"https:\/\/vinasfm.com\/noticias\/wp-json\/wp\/v2\/tags?post=138887"}],"curies":[{"name":"wp","href":"https:\/\/api.w.org\/{rel}","templated":true}]}}