{"id":138881,"date":"2024-08-27T10:31:33","date_gmt":"2024-08-27T13:31:33","guid":{"rendered":"https:\/\/vinasfm.com\/noticias\/?p=138881"},"modified":"2024-08-28T09:45:15","modified_gmt":"2024-08-28T12:45:15","slug":"vinateros-en-alerta-el-nuevo-seguro-agricola-no-cubre-ni-la-mitad-de-los-costos-de-produccion","status":"publish","type":"post","link":"https:\/\/vinasfm.com\/noticias\/vinateros-en-alerta-el-nuevo-seguro-agricola-no-cubre-ni-la-mitad-de-los-costos-de-produccion\/","title":{"rendered":"VI\u00d1ATEROS EN ALERTA: \u201cEL NUEVO SEGURO AGR\u00cdCOLA NO CUBRE NI LA MITAD DE LOS COSTOS DE PRODUCCI\u00d3N\u201d"},"content":{"rendered":"<h4><strong>La reciente implementaci\u00f3n de un nuevo seguro agr\u00edcola en Mendoza ha generado un fuerte malestar entre los vi\u00f1ateros y agricultores de la provincia.<\/strong><\/h4>\n<p>Seg\u00fan <span style=\"color: #003366;\"><strong>Mat\u00edas Manzanares,<\/strong><\/span> integrante de la <em>Asociaci\u00f3n de Vi\u00f1ateros de Mendoza<\/em>, el seguro prometido por el gobierno provincial no est\u00e1 cumpliendo con lo que se hab\u00eda pactado originalmente, dejando a los productores en una situaci\u00f3n de alta vulnerabilidad.<strong><em> \u201cEl gobierno nos asegur\u00f3 que el nuevo seguro cubrir\u00eda el costo total de producci\u00f3n, pero la realidad es que ni siquiera alcanza la mita<\/em><\/strong>d\u201d, advirti\u00f3 Manzanares. El vi\u00f1atero detall\u00f3 que, de acuerdo con los costos de producci\u00f3n calculados por el Instituto Nacional de Tecnolog\u00eda Agropecuaria (INTA) para la temporada pasada, estos oscilaban entre 2.2 millones y 3 millones de pesos por hect\u00e1rea, excluyendo la cosecha. Con el incremento de los costos, especialmente en mano de obra, que ya ha aumentado cerca de un 100% debido a la inflaci\u00f3n, los vi\u00f1ateros calculan que la pr\u00f3xima temporada ser\u00e1 a\u00fan m\u00e1s costosa.<\/p>\n<p><strong><em>\u201cSi a m\u00ed me paga el granizo al 100%, no tengo que cosechar nada, y los costos de producci\u00f3n de la temporada pasada ya rondaban entre 2.2 millones y 2.8 millones por hect\u00e1rea\u201d<\/em><\/strong>, explic\u00f3. <em><strong>\u201cPero el seguro solo nos est\u00e1 pagando 1.5 millones. As\u00ed que, con suerte, estamos a mitad de camino, y eso siendo optimistas con la inflaci\u00f3n\u201d.<\/strong><\/em><\/p>\n<p>La situaci\u00f3n se agrava cuando se considera que, inicialmente, el gobierno provincial hab\u00eda prometido que este seguro sustituir\u00eda la lucha antigranizo, un sistema que fue eliminado con la promesa de que el seguro cubrir\u00eda todos los costos. Sin embargo, las nuevas declaraciones del ministro de Econom\u00eda y Energ\u00eda de Mendoza, Vargas Arizu, contradijeron esa promesa. <strong><em>\u201cAhora dicen que cubrir\u00e1 solo un 75% del total, y eso fue para la temporada pasada\u201d.<\/em><\/strong><\/p>\n<p>El vi\u00f1atero tambi\u00e9n expres\u00f3 su preocupaci\u00f3n por la falta de di\u00e1logo con las autoridades. <strong><em>\u201cNo hemos tenido posibilidad de juntarnos con el ministro Vargas Arizu. Hemos hecho llegar nuestras observaciones y reclamos, pero no hemos recibido una respuesta satisfactoria\u201d.<\/em><\/strong><\/p>\n<p>Adem\u00e1s del seguro, otro tema que inquieta a los productores es la eliminaci\u00f3n de la lucha antigranizo. <em><strong>\u201cLa propuesta del gobierno es llenar la provincia de tela antigranizo, pero, \u00bfc\u00f3mo no va a haber un seguro contra la helada entonces?\u201d<\/strong><\/em>, cuestion\u00f3 Manzanares. Seg\u00fan \u00e9l, los productores que han invertido en tela antigranizo esperaban una reducci\u00f3n en la prima del seguro debido al menor riesgo, pero esto no se ha materializado.<strong><em> \u201cHemos comprobado las facturas de algunos productores y, sorprendentemente, la cuota mensual es la misma tanto para quienes tienen tela antigranizo como para quienes no\u201d.<\/em><\/strong><\/p>\n<p>Manzanares advirti\u00f3 a los productores que tengan precauci\u00f3n con las seis boletas que llegan a sus correos electr\u00f3nicos.<strong><em> \u201cEs importante que los productores no paguen todas las boletas. Solo deben elegir un sistema de seguro y pagar la primera cuota o el pago anual, no las seis boletas\u201d.<\/em><\/strong><\/p>\n<p><em><strong>\u201cAunque el pago es en cuatro cuotas, estas no corresponden a cuatro meses, ya que las dos primeras se pagan en septiembre, luego en octubre y noviembre, lo que significa que en tres meses deben pagarse las cuatro cuotas\u201d<\/strong><\/em>, explic\u00f3, quien enfatiza la importancia de que los productores est\u00e9n atentos a esta cuesti\u00f3n.<\/p>\n<p><em><strong>\u201cLa prima se ha vuelto excesivamente cara respecto al a\u00f1o pasado. Entendemos que al aumentar los montos de cobertura, la prima deber\u00eda subir, pero no a este nivel\u201d.<\/strong><\/em> Aqu\u00ed surge otra inquietud relacionada con la transparencia del manejo de los fondos destinados a este seguro.<em><strong> \u201cEl gobierno dijo que los fondos que antes se usaban para la lucha antigranizo, unos 13 a 17 mil millones de pesos, se volcar\u00edan en este seguro. Pero estamos hablando con legisladores para conseguir un informe que confirme si efectivamente toda esa plata se ha volcado a este fondo, porque no vemos un aumento en los beneficios del seguro\u201d<\/strong><\/em>, coment\u00f3.<\/p>\n<p>Manzanares tambi\u00e9n hizo hincapi\u00e9 en la desproporci\u00f3n entre el aumento de la prima y la cobertura del seguro.<em><strong> \u201cPor ejemplo, contratar un seguro de 600 mil pesos y otro de 1.5 millones no tiene una relaci\u00f3n justa; la prima sube tres o cuatro veces m\u00e1s, pero la cobertura apenas se duplica\u201d.<\/strong><\/em> Ante esta situaci\u00f3n, los vi\u00f1ateros esperan respuestas y explicaciones m\u00e1s claras por parte de las autoridades.<\/p>\n<p><em><strong>\u201cLo ideal ser\u00eda que todas las asociaciones reclamen en conjunto, formando una mesa \u00fanica que represente a todos los productores de la provincia\u201d<\/strong><\/em>, propuso. Aunque admite que, hasta ahora, los esfuerzos han sido independientes, resalta que ya se est\u00e1n dando pasos en esa direcci\u00f3n:<strong><em> \u201cHemos armado una mesa agropecuaria que re\u00fane no solo a vi\u00f1ateros, sino tambi\u00e9n a frut\u00edcolas y chacareros en general. Ya hemos tenido algunas reuniones, y en septiembre organizaremos nuestro primer conversatorio en Mendoza con todas las c\u00e1maras que lo forman\u201d.<\/em><\/strong><\/p>\n","protected":false},"excerpt":{"rendered":"<p>La reciente implementaci\u00f3n de un nuevo seguro agr\u00edcola en Mendoza ha generado un fuerte malestar entre los vi\u00f1ateros y agricultores de &#8230;<\/p>\n","protected":false},"author":7,"featured_media":129957,"comment_status":"open","ping_status":"open","sticky":false,"template":"","format":"standard","meta":{"footnotes":""},"categories":[5,14],"tags":[],"class_list":["post-138881","post","type-post","status-publish","format-standard","has-post-thumbnail","hentry","category-actualidad","category-agro"],"_links":{"self":[{"href":"https:\/\/vinasfm.com\/noticias\/wp-json\/wp\/v2\/posts\/138881","targetHints":{"allow":["GET"]}}],"collection":[{"href":"https:\/\/vinasfm.com\/noticias\/wp-json\/wp\/v2\/posts"}],"about":[{"href":"https:\/\/vinasfm.com\/noticias\/wp-json\/wp\/v2\/types\/post"}],"author":[{"embeddable":true,"href":"https:\/\/vinasfm.com\/noticias\/wp-json\/wp\/v2\/users\/7"}],"replies":[{"embeddable":true,"href":"https:\/\/vinasfm.com\/noticias\/wp-json\/wp\/v2\/comments?post=138881"}],"version-history":[{"count":3,"href":"https:\/\/vinasfm.com\/noticias\/wp-json\/wp\/v2\/posts\/138881\/revisions"}],"predecessor-version":[{"id":138884,"href":"https:\/\/vinasfm.com\/noticias\/wp-json\/wp\/v2\/posts\/138881\/revisions\/138884"}],"wp:featuredmedia":[{"embeddable":true,"href":"https:\/\/vinasfm.com\/noticias\/wp-json\/wp\/v2\/media\/129957"}],"wp:attachment":[{"href":"https:\/\/vinasfm.com\/noticias\/wp-json\/wp\/v2\/media?parent=138881"}],"wp:term":[{"taxonomy":"category","embeddable":true,"href":"https:\/\/vinasfm.com\/noticias\/wp-json\/wp\/v2\/categories?post=138881"},{"taxonomy":"post_tag","embeddable":true,"href":"https:\/\/vinasfm.com\/noticias\/wp-json\/wp\/v2\/tags?post=138881"}],"curies":[{"name":"wp","href":"https:\/\/api.w.org\/{rel}","templated":true}]}}