{"id":138878,"date":"2024-08-27T10:23:33","date_gmt":"2024-08-27T13:23:33","guid":{"rendered":"https:\/\/vinasfm.com\/noticias\/?p=138878"},"modified":"2024-08-27T10:32:33","modified_gmt":"2024-08-27T13:32:33","slug":"27-de-agosto-dia-de-la-radio-en-argentina","status":"publish","type":"post","link":"https:\/\/vinasfm.com\/noticias\/27-de-agosto-dia-de-la-radio-en-argentina\/","title":{"rendered":"27 DE AGOSTO: D\u00cdA DE LA RADIO EN ARGENTINA"},"content":{"rendered":"<h4 class=\"com-paragraph --capital --s\"><span style=\"color: #000000;\">El\u00a0<strong>D\u00eda de la Radiodifusi\u00f3n<\/strong>\u00a0se celebra el\u00a0<strong>27 de agosto\u00a0<\/strong>en la Argentina, en recuerdo a la<strong>\u00a0primera transmisi\u00f3n\u00a0<\/strong>de la historia del pa\u00eds. <\/span><\/h4>\n<p class=\"com-paragraph --capital --s\"><span style=\"color: #000000;\">Esta tuvo como protagonistas a un cuarteto estelar denominado como<strong>\u00a0\u201clos locos de la azotea\u201d<\/strong>. La jornada rinde homenaje tambi\u00e9n a uno de los medios de comunicaci\u00f3n m\u00e1s antiguos y a todos aquellos que pertenecen a esta actividad que, a pesar del avance tecnol\u00f3gico y competencia digital, permanece vigente.<\/span><\/p>\n<p class=\"com-paragraph --s\"><span style=\"color: #000000;\">En el mundo, la\u00a0<strong>radio\u00a0<\/strong>es conmemorada cada 13 de febrero\u00a0desde 2012, de acuerdo a la disposici\u00f3n de la Asamblea General de las Naciones Unidas en recuerdo a la creaci\u00f3n de la primera emisora de la ONU en 1946.<\/span><\/p>\n<h2><span style=\"color: #000000;\">LOS LOCOS DE LA AZOTEA<\/span><\/h2>\n<p class=\"com-paragraph --s\"><span style=\"color: #000000;\">Durante la noche del\u00a0<strong>27 de agosto de 1920<\/strong>, un grupo de cuatro amigos se reuni\u00f3 para realizar lo que ser\u00eda la\u00a0<strong>primera transmisi\u00f3n por radio<\/strong>\u00a0de la historia nacional. El cuarteto estaba conformado por\u00a0<strong>Enrique Tel\u00e9maco Susini<\/strong>, de 25 a\u00f1os de edad;\u00a0<strong>C\u00e9sar Guerrico<\/strong>\u00a0y\u00a0<strong>Luis Romero Carranza<\/strong>\u00a0de 22; y\u00a0<strong>Miguel Mujica,<\/strong>\u00a0de 18. La gente los conoc\u00eda como \u201c<strong>los locos de la azotea<\/strong>\u201d, ya que sol\u00edan realizar actividades y pasar el tiempo libre en terrazas y techos.<\/span><\/p>\n<p class=\"com-paragraph --s\"><span style=\"color: #000000;\">Se reunieron en la terraza del\u00a0<strong>Teatro Coliseo<\/strong>, donde instalaron una antena y presentaron la\u00a0<strong>\u00f3pera\u00a0<\/strong><em><strong>Parsifa<\/strong><\/em>, dirigida por<strong>\u00a0F\u00e9lix von Weingarten<\/strong>. Susini fue el encargado de dar inicio al ciclo, cuando expres\u00f3: \u201c<em><strong>Se\u00f1oras y se\u00f1ores, la Sociedad Radio Argentina les presenta hoy el Festival Sacro de Ricardo Wagner, Parsifal, con la actuaci\u00f3n del tenor Maestri, el bar\u00edtono Aldo Rossi Morelli y la soprano argentina Sara C\u00e9sar, todos con la orquesta del teatro Costanzi de Roma, dirigida por el maestro F\u00e9lix von Weingarten\u201d.<\/strong><\/em><\/span><\/p>\n<p><span style=\"color: #000000;\">La transmisi\u00f3n se consider\u00f3 que fue exitosa, ante la atenta escucha de al menos 50 oyentes. Esta jornada es recordada como un hito que dio inicio a una nueva\u00a0<strong>etapa en las comunicaciones del pa\u00eds.<\/strong><\/span><\/p>\n<h3><span style=\"color: #000000;\">La Radio en Argentina<\/span><\/h3>\n<p class=\"com-paragraph --s\"><span style=\"color: #000000;\">Con el paso de los a\u00f1os, la\u00a0<strong>radio\u00a0<\/strong>se convirti\u00f3 en un medio esencial para las personas. Muchos encontraban pr\u00e1ctico o\u00edr programas mientras realizaban diferentes tareas. A\u00f1os m\u00e1s tarde, lleg\u00f3 a disciplinas como el\u00a0<strong>deporte<\/strong>, el\u00a0<strong>espect\u00e1culo<\/strong>, la\u00a0<strong>m\u00fasica\u00a0<\/strong>e incluso el\u00a0<strong>teatro<\/strong>, con el debut de un nuevo formato llamado\u00a0<strong>radioteatro<\/strong>\u00a0que vio figuras como\u00a0<strong>Hilda Bernard<\/strong>,\u00a0<strong>Enrique Santos Disc\u00e9polo\u00a0<\/strong>y\u00a0<strong>Nin\u00ed Marshall<\/strong>.<\/span><\/p>\n<p class=\"com-paragraph --s\"><span style=\"color: #000000;\">A\u00f1os m\u00e1s tarde se cre\u00f3 la\u00a0<strong>Sociedad Argentina de Locutores<\/strong>\u00a0(SAL), que reun\u00eda a todos los profesionales de este gremio, con el fin de unificar criterios y trabajar por mejoras laborales de quienes se encuentran en frente de los diferentes programas de las emisoras.<\/span><\/p>\n<p class=\"com-paragraph --s\"><span style=\"color: #000000;\">La Argentina fue testigo de grandes\u00a0<strong>figuras radiales<\/strong>\u00a0que marcaron la trayectoria de este medio gracias a su dedicaci\u00f3n y estilo.\u00a0<strong>Magdalena Ruiz Gui\u00f1az\u00fa<\/strong>,\u00a0<strong>H\u00e9ctor Larrea<\/strong>,\u00a0<strong>Betty Elizade<\/strong>,\u00a0<strong>Cacho Fontana<\/strong>,\u00a0<strong>Alejandro Dolina<\/strong>,\u00a0<strong>Antonio Carrizo<\/strong>\u00a0y\u00a0<strong>Juan Alberto Bad\u00eda<\/strong>\u00a0fueron algunos de los m\u00e1s destacados.<\/span><\/p>\n<p class=\"com-paragraph --s\"><span style=\"color: #000000;\">A pesar de que los\u00a0<strong>avances tecnol\u00f3gicos\u00a0<\/strong>y el auge de la\u00a0<strong>televisi\u00f3n<\/strong>,\u00a0<strong>internet\u00a0<\/strong>y las<strong>\u00a0redes sociales\u00a0<\/strong>resultaron una competencia para este medio, se encuentra activo en la actualidad. La\u00a0<strong>radio\u00a0<\/strong>resulta una herramienta clave para la sociedad, que cumple todav\u00eda un rol clave en la vida de las personas. Su subsistencia significa la posibilidad de acceso a la informaci\u00f3n, cultura, noticias y m\u00fasica.<\/span><\/p>\n","protected":false},"excerpt":{"rendered":"<p>El\u00a0D\u00eda de la Radiodifusi\u00f3n\u00a0se celebra el\u00a027 de agosto\u00a0en la Argentina, en recuerdo a la\u00a0primera transmisi\u00f3n\u00a0de la historia del pa\u00eds. Esta tuvo &#8230;<\/p>\n","protected":false},"author":7,"featured_media":138880,"comment_status":"open","ping_status":"open","sticky":false,"template":"","format":"standard","meta":{"footnotes":""},"categories":[1],"tags":[],"class_list":["post-138878","post","type-post","status-publish","format-standard","has-post-thumbnail","hentry","category-fmvinas"],"_links":{"self":[{"href":"https:\/\/vinasfm.com\/noticias\/wp-json\/wp\/v2\/posts\/138878","targetHints":{"allow":["GET"]}}],"collection":[{"href":"https:\/\/vinasfm.com\/noticias\/wp-json\/wp\/v2\/posts"}],"about":[{"href":"https:\/\/vinasfm.com\/noticias\/wp-json\/wp\/v2\/types\/post"}],"author":[{"embeddable":true,"href":"https:\/\/vinasfm.com\/noticias\/wp-json\/wp\/v2\/users\/7"}],"replies":[{"embeddable":true,"href":"https:\/\/vinasfm.com\/noticias\/wp-json\/wp\/v2\/comments?post=138878"}],"version-history":[{"count":1,"href":"https:\/\/vinasfm.com\/noticias\/wp-json\/wp\/v2\/posts\/138878\/revisions"}],"predecessor-version":[{"id":138879,"href":"https:\/\/vinasfm.com\/noticias\/wp-json\/wp\/v2\/posts\/138878\/revisions\/138879"}],"wp:featuredmedia":[{"embeddable":true,"href":"https:\/\/vinasfm.com\/noticias\/wp-json\/wp\/v2\/media\/138880"}],"wp:attachment":[{"href":"https:\/\/vinasfm.com\/noticias\/wp-json\/wp\/v2\/media?parent=138878"}],"wp:term":[{"taxonomy":"category","embeddable":true,"href":"https:\/\/vinasfm.com\/noticias\/wp-json\/wp\/v2\/categories?post=138878"},{"taxonomy":"post_tag","embeddable":true,"href":"https:\/\/vinasfm.com\/noticias\/wp-json\/wp\/v2\/tags?post=138878"}],"curies":[{"name":"wp","href":"https:\/\/api.w.org\/{rel}","templated":true}]}}