{"id":138875,"date":"2024-08-27T07:44:00","date_gmt":"2024-08-27T10:44:00","guid":{"rendered":"https:\/\/vinasfm.com\/noticias\/?p=138875"},"modified":"2024-08-27T11:32:00","modified_gmt":"2024-08-27T14:32:00","slug":"en-oeste-se-vivio-a-pleno-el-primer-festival-por-el-dia-del-cantor-cuyano","status":"publish","type":"post","link":"https:\/\/vinasfm.com\/noticias\/en-oeste-se-vivio-a-pleno-el-primer-festival-por-el-dia-del-cantor-cuyano\/","title":{"rendered":"EN OESTE SE VIVI\u00d3 A PLENO EL PRIMER FESTIVAL POR EL D\u00cdA DEL CANTOR CUYANO"},"content":{"rendered":"<h4><span style=\"color: #000000;\">Adem\u00e1s de una fiesta de ritmos y melod\u00edas, el Festival rindi\u00f3 homenaje al reconocido cantor cuyano Carlos Franco.<\/span><\/h4>\n<p><span style=\"color: #000000;\">El pasado s\u00e1bado, el <em>Club Ferro Carril Oeste<\/em>, los alvearenses celebraron la m\u00fasica cuyana con el Primer <em>Festival por el D\u00eda del Cantor Cuyano.<\/em> El evento reuni\u00f3 a destacados artistas de la regi\u00f3n, quienes brindaron un espect\u00e1culo que delit\u00f3 a los presentes.\u00a0<\/span><\/p>\n<p><span style=\"color: #000000;\">El festival no solo fue una fiesta de melod\u00edas y ritmos, sino que tambi\u00e9nrindi\u00f3 homenaje al querido cantautor Carlos Franco, una figura emblem\u00e1tica de la m\u00fasica cuyana.\u00a0Su legado fue recordado con cari\u00f1o y respeto, destacando la influencia que ha tenido en generaciones de m\u00fasicos y amantes de la m\u00fasica folcl\u00f3rica.<\/span><\/p>\n<p><img loading=\"lazy\" decoding=\"async\" class=\"\" src=\"https:\/\/scontent.fmdz4-1.fna.fbcdn.net\/v\/t39.30808-6\/457218234_18314439052082085_3883498884469464372_n.jpg?_nc_cat=107&amp;ccb=1-7&amp;_nc_sid=127cfc&amp;_nc_eui2=AeEyXH0VKVaBUgsrQNhS4rgWJ_CLnPYVGjIn8Iuc9hUaMp517JoWu6onAS6jrwk_4YTpk1eImrpbUBBEgiqd2qWh&amp;_nc_ohc=dmLl9LWYTEoQ7kNvgH8vYU3&amp;_nc_ht=scontent.fmdz4-1.fna&amp;oh=00_AYADz9YL5JjzVc25iSE0oGfOSjTAVif9mOCryzm3T2mIHg&amp;oe=66D3BD27\" alt=\"Puede ser una imagen de 3 personas y personas bailando\" width=\"424\" height=\"282\" \/> <img loading=\"lazy\" decoding=\"async\" class=\"\" src=\"https:\/\/scontent.fmdz5-1.fna.fbcdn.net\/v\/t39.30808-6\/456977146_18314439064082085_2007020893602438733_n.jpg?_nc_cat=104&amp;ccb=1-7&amp;_nc_sid=127cfc&amp;_nc_eui2=AeE3FzXnAgbMKxNqfj8hieAJbGYbm5_Aq2NsZhubn8CrYxXhvE1-184vYdENJ1xRki2mIfQzHQKxbE1jKqRvKQPn&amp;_nc_ohc=_I8o1D_n81oQ7kNvgHF-KVw&amp;_nc_ht=scontent.fmdz5-1.fna&amp;oh=00_AYBGXDU5-SwqL-OP5XnMs8h8-_oPGGskSHzdRn4vWv4KeQ&amp;oe=66D39AE7\" alt=\"Puede ser una imagen de 4 personas, televisor y texto\" width=\"422\" height=\"281\" \/><\/p>\n<p><span style=\"color: #000000;\">La artista Fabiana Cacace, conocida como &#8216;La hija de la Tonada&#8217;, destac\u00f3 el evento organizado.<em><strong> \u00abTiene un formato precioso en donde han formado parte muchos cantores y personas vinculadas a la m\u00fasica de Cuyo. Es importante lograr reconocer a los pioneros y defensores de nuestra cultura, abrazando a tambi\u00e9n a las nuevas generaciones\u00bb.<\/strong><\/em> Luego cit\u00f3 un verso de la obra de El Diablo Bustos: <em><strong>\u00abNosotros nos iremos yendo pero la tonada jam\u00e1s morir\u00e1\u00bb.\u00a0<\/strong><\/em><\/span><\/p>\n<p><span style=\"color: #000000;\">Fue instituido por la Legislatura de la Provincia de Mendoza por la Ley 8900, a partir de agosto de 2016, en conmemoraci\u00f3n al natalicio del reconocido folclorista mendocino Mariano Ernesto Cacace (padre de Fabiana Cacace) nacido en el departamento de San Rafael un <b>19 de agosto<\/b>.<\/span><\/p>\n<p><span style=\"color: #000000;\">La delegada distrital, Jimena Garc\u00eda, destac\u00f3 la participaci\u00f3n de <em><strong>\u00abdestacados artistas de la regi\u00f3n como Duo Sol, Duo Pinto \/Mur y los Tobares, con quienes tratamos de darle identidad a este festejo\u00bb.<\/strong><\/em> La convocatoria en el Club Ferro Carril Oeste fue notable,<strong>\u00a0con un ambiente festivo que uni\u00f3 a familias y amigos en una celebraci\u00f3n de la cultura local.<\/strong>\u00a0Los asistentes disfrutaron de una noche llena de emociones, donde la m\u00fasica reson\u00f3 en cada rinc\u00f3n, creando un espacio de encuentro y alegr\u00eda.<\/span><\/p>\n<p><img loading=\"lazy\" decoding=\"async\" class=\"\" src=\"https:\/\/scontent.fmdz5-1.fna.fbcdn.net\/v\/t39.30808-6\/457218153_18314439049082085_3683380269204602951_n.jpg?_nc_cat=106&amp;ccb=1-7&amp;_nc_sid=127cfc&amp;_nc_eui2=AeFEBddnHdvJCObcjhZdfyt1sDL7LvNdgqywMvsu812CrKXVuJo2bblVSxg1BZ5NbDn4Cmo3g9zRsywZbN6FKZOD&amp;_nc_ohc=noOrntXy-5gQ7kNvgHWam17&amp;_nc_ht=scontent.fmdz5-1.fna&amp;oh=00_AYBNUnJaqmElUzSoiPh1Fs0witsBFXhOlQbVTICAEi6jAw&amp;oe=66D3A495\" alt=\"Puede ser una imagen de 2 personas\" width=\"425\" height=\"283\" \/> <img loading=\"lazy\" decoding=\"async\" class=\"\" src=\"https:\/\/scontent.fmdz4-1.fna.fbcdn.net\/v\/t39.30808-6\/457131308_18314439022082085_4957430903309518357_n.jpg?_nc_cat=100&amp;ccb=1-7&amp;_nc_sid=127cfc&amp;_nc_eui2=AeEhdLZWpWtBqPGd6IFZTfyH7mL6HFaAdIzuYvocVoB0jIEivbPNNoO7lwOWHsKpiAFnoKnH5iZqiau14cYQTE5y&amp;_nc_ohc=uRIsxd-pTmkQ7kNvgHMqQjX&amp;_nc_ht=scontent.fmdz4-1.fna&amp;oh=00_AYBf-ZevZhfpXjAuqXtXZBJ4jZ6P_peFkXWJC1KVvLwKuQ&amp;oe=66D38DE4\" alt=\"Puede ser una imagen de 4 personas y personas bailando\" width=\"422\" height=\"281\" \/><\/p>\n","protected":false},"excerpt":{"rendered":"<p>Adem\u00e1s de una fiesta de ritmos y melod\u00edas, el Festival rindi\u00f3 homenaje al reconocido cantor cuyano Carlos Franco. El pasado s\u00e1bado, &#8230;<\/p>\n","protected":false},"author":7,"featured_media":138876,"comment_status":"open","ping_status":"open","sticky":false,"template":"","format":"standard","meta":{"footnotes":""},"categories":[5,19],"tags":[],"class_list":["post-138875","post","type-post","status-publish","format-standard","has-post-thumbnail","hentry","category-actualidad","category-cultura"],"_links":{"self":[{"href":"https:\/\/vinasfm.com\/noticias\/wp-json\/wp\/v2\/posts\/138875","targetHints":{"allow":["GET"]}}],"collection":[{"href":"https:\/\/vinasfm.com\/noticias\/wp-json\/wp\/v2\/posts"}],"about":[{"href":"https:\/\/vinasfm.com\/noticias\/wp-json\/wp\/v2\/types\/post"}],"author":[{"embeddable":true,"href":"https:\/\/vinasfm.com\/noticias\/wp-json\/wp\/v2\/users\/7"}],"replies":[{"embeddable":true,"href":"https:\/\/vinasfm.com\/noticias\/wp-json\/wp\/v2\/comments?post=138875"}],"version-history":[{"count":1,"href":"https:\/\/vinasfm.com\/noticias\/wp-json\/wp\/v2\/posts\/138875\/revisions"}],"predecessor-version":[{"id":138877,"href":"https:\/\/vinasfm.com\/noticias\/wp-json\/wp\/v2\/posts\/138875\/revisions\/138877"}],"wp:featuredmedia":[{"embeddable":true,"href":"https:\/\/vinasfm.com\/noticias\/wp-json\/wp\/v2\/media\/138876"}],"wp:attachment":[{"href":"https:\/\/vinasfm.com\/noticias\/wp-json\/wp\/v2\/media?parent=138875"}],"wp:term":[{"taxonomy":"category","embeddable":true,"href":"https:\/\/vinasfm.com\/noticias\/wp-json\/wp\/v2\/categories?post=138875"},{"taxonomy":"post_tag","embeddable":true,"href":"https:\/\/vinasfm.com\/noticias\/wp-json\/wp\/v2\/tags?post=138875"}],"curies":[{"name":"wp","href":"https:\/\/api.w.org\/{rel}","templated":true}]}}