{"id":138867,"date":"2024-08-27T08:54:27","date_gmt":"2024-08-27T11:54:27","guid":{"rendered":"https:\/\/vinasfm.com\/noticias\/?p=138867"},"modified":"2024-08-28T09:45:51","modified_gmt":"2024-08-28T12:45:51","slug":"desde-el-area-de-discapacidad-ponen-en-marcha-un-programa-de-insercion-laboral","status":"publish","type":"post","link":"https:\/\/vinasfm.com\/noticias\/desde-el-area-de-discapacidad-ponen-en-marcha-un-programa-de-insercion-laboral\/","title":{"rendered":"DESDE EL \u00c1REA DE DISCAPACIDAD PONEN EN MARCHA UN PROGRAMA DE INSERCI\u00d3N LABORAL"},"content":{"rendered":"<h4><span style=\"color: #000000;\">El programa promueve la inserci\u00f3n de los trabajadores con discapacidad en entornos laborales competitivos.<\/span><\/h4>\n<p><span style=\"color: #000000;\">Desde hace semanas, personal del <em>\u00c1rea de Discapacidad<\/em> lleva adelante distintas capacitaciones con expertos en la materia. <strong><em>\u201cHemos hecho distintos encuentros, acompa\u00f1ados de una psic\u00f3loga, una asistente social, una terapista ocupacional y una maestra de educaci\u00f3n especial; para poder brindarle la mejor propuesta a los personas con discapacidad que quieran ingresar al mundo laboral\u201d<\/em><\/strong>, explic\u00f3 <span style=\"color: #003366;\"><strong>Viviana Lima.<\/strong><\/span><\/span><\/p>\n<p><span style=\"color: #000000;\">Si bien ya se trabajaba con este programa dentro del Municipio, el \u00c1rea de Discapacidad busca la incorporaci\u00f3n de empresas privadas.<\/span><\/p>\n<p><span style=\"color: #000000;\">La <em>Lic. en Trabajo Social<\/em>, <span style=\"color: #003366;\"><strong>Florencia Castillo<\/strong><\/span>, se\u00f1al\u00f3 que <strong><em>\u201cdesde el equipo t\u00e9cnico se realiza un acompa\u00f1amiento a las personas con discapacidad que buscan un empleo formal, adem\u00e1s de asistirlos durante el proceso de inserci\u00f3n laboral\u201d.<\/em><\/strong> Sobre la participaci\u00f3n de empresas privadas sostuvo que <strong><em>\u201cdesde el Municipio estamos totalmente dispuestos a ser el nexo para ayudar a las personas que necesitan estar dentro del mercado laboral\u201d.<\/em><\/strong><\/span><\/p>\n","protected":false},"excerpt":{"rendered":"<p>El programa promueve la inserci\u00f3n de los trabajadores con discapacidad en entornos laborales competitivos. Desde hace semanas, personal del \u00c1rea de &#8230;<\/p>\n","protected":false},"author":7,"featured_media":138870,"comment_status":"open","ping_status":"open","sticky":false,"template":"","format":"standard","meta":{"footnotes":""},"categories":[10,11],"tags":[],"class_list":["post-138867","post","type-post","status-publish","format-standard","has-post-thumbnail","hentry","category-destacadas","category-sociales"],"_links":{"self":[{"href":"https:\/\/vinasfm.com\/noticias\/wp-json\/wp\/v2\/posts\/138867","targetHints":{"allow":["GET"]}}],"collection":[{"href":"https:\/\/vinasfm.com\/noticias\/wp-json\/wp\/v2\/posts"}],"about":[{"href":"https:\/\/vinasfm.com\/noticias\/wp-json\/wp\/v2\/types\/post"}],"author":[{"embeddable":true,"href":"https:\/\/vinasfm.com\/noticias\/wp-json\/wp\/v2\/users\/7"}],"replies":[{"embeddable":true,"href":"https:\/\/vinasfm.com\/noticias\/wp-json\/wp\/v2\/comments?post=138867"}],"version-history":[{"count":1,"href":"https:\/\/vinasfm.com\/noticias\/wp-json\/wp\/v2\/posts\/138867\/revisions"}],"predecessor-version":[{"id":138868,"href":"https:\/\/vinasfm.com\/noticias\/wp-json\/wp\/v2\/posts\/138867\/revisions\/138868"}],"wp:featuredmedia":[{"embeddable":true,"href":"https:\/\/vinasfm.com\/noticias\/wp-json\/wp\/v2\/media\/138870"}],"wp:attachment":[{"href":"https:\/\/vinasfm.com\/noticias\/wp-json\/wp\/v2\/media?parent=138867"}],"wp:term":[{"taxonomy":"category","embeddable":true,"href":"https:\/\/vinasfm.com\/noticias\/wp-json\/wp\/v2\/categories?post=138867"},{"taxonomy":"post_tag","embeddable":true,"href":"https:\/\/vinasfm.com\/noticias\/wp-json\/wp\/v2\/tags?post=138867"}],"curies":[{"name":"wp","href":"https:\/\/api.w.org\/{rel}","templated":true}]}}