{"id":138859,"date":"2024-08-26T19:06:04","date_gmt":"2024-08-26T22:06:04","guid":{"rendered":"https:\/\/vinasfm.com\/noticias\/?p=138859"},"modified":"2024-08-27T11:25:31","modified_gmt":"2024-08-27T14:25:31","slug":"charla-taller-para-derribar-mitos-sobre-la-lactancia-materna","status":"publish","type":"post","link":"https:\/\/vinasfm.com\/noticias\/charla-taller-para-derribar-mitos-sobre-la-lactancia-materna\/","title":{"rendered":"CHARLA \u2013 TALLER PARA DERRIBAR MITOS SOBRE LA LACTANCIA MATERNA"},"content":{"rendered":"<h4>En el marco del mes de la lactancia materna se realiz\u00f3 una actividad sobre la \u201clactancia libre de mitos\u201d donde el nutricionista Alberto Arribas brind\u00f3 informaci\u00f3n sobre diferentes beneficios y consejos pr\u00e1cticos.<\/h4>\n<p>La leche materna <strong>proporciona todos los nutrientes necesarios para el crecimiento y desarrollo del beb\u00e9<\/strong>, incluidos prote\u00ednas, grasas, vitaminas y minerales, en las proporciones exactas que el reci\u00e9n nacido necesita. Adem\u00e1s, <strong>contiene anticuerpos y otros factores inmunol\u00f3gicos que ayudan a proteger al beb\u00e9 contra infecciones y enfermedades.<\/strong> Esto es crucial durante los primeros meses de vida cuando el sistema inmunol\u00f3gico del beb\u00e9 a\u00fan est\u00e1 en desarrollo.<\/p>\n<p>En este encuentro participan diferentes organismos que conforman el Comit\u00e9 de Lactancia Materna, tales como: <em>el \u00e1rea de Municipios Saludable de la municipalidad, OSEP, Hospital Enfermeros Argentinos, el \u00c1rea Departamental de Salud y algunas escuelas.<\/em><\/p>\n<p><a href=\"https:\/\/vinasfm.com\/noticias\/wp-content\/uploads\/2024\/08\/Charla-\u2013-Taller-para-derribar-mitos-sobre-la-Lactancia-Materna-800x451-1.jpeg\"><img loading=\"lazy\" decoding=\"async\" class=\"alignnone wp-image-138860\" src=\"https:\/\/vinasfm.com\/noticias\/wp-content\/uploads\/2024\/08\/Charla-\u2013-Taller-para-derribar-mitos-sobre-la-Lactancia-Materna-800x451-1.jpeg\" alt=\"\" width=\"500\" height=\"282\" srcset=\"https:\/\/vinasfm.com\/noticias\/wp-content\/uploads\/2024\/08\/Charla-\u2013-Taller-para-derribar-mitos-sobre-la-Lactancia-Materna-800x451-1.jpeg 800w, https:\/\/vinasfm.com\/noticias\/wp-content\/uploads\/2024\/08\/Charla-\u2013-Taller-para-derribar-mitos-sobre-la-Lactancia-Materna-800x451-1-300x169.jpeg 300w, https:\/\/vinasfm.com\/noticias\/wp-content\/uploads\/2024\/08\/Charla-\u2013-Taller-para-derribar-mitos-sobre-la-Lactancia-Materna-800x451-1-768x433.jpeg 768w\" sizes=\"auto, (max-width: 500px) 100vw, 500px\" \/><\/a><\/p>\n<h6>Charla \u2013 Taller para derribar mitos sobre la Lactancia Materna<\/h6>\n<p><strong>\u00abEstamos muy contentos de estas en este taller, donde han participado muchas personas. En la charla pasamos por muchos temas, desde el cuidado a las infancias desde el embarazo hasta los mil d\u00edas, donde la lactancia atraviesa todos esos momentos\u00bb<\/strong>, expres\u00f3 <span style=\"color: #003366;\"><strong>Alberto Arribas<\/strong><\/span>, nutricionista, disertante.<\/p>\n<p><em><strong>\u201cEn General Alvear hay un gran equipo de trabajado que han realizado muchas actividades, hay mucha concientizaci\u00f3n, promoci\u00f3n y divulgaci\u00f3n del mensaje de la lactancia. Estoy convencido que podemos cambiar el mundo cuando se trabaja en el cuidado de las infancias, garantizando derechos y teniendo h\u00e1bitos saludables<\/strong><\/em>\u201d, sostuvo el profesional de la salud.<\/p>\n<hr \/>\n<blockquote>\n<h4><span style=\"color: #003366;\">\u00abTenemos que evitar romantizar el acto de amamantar\u00bb.<\/span><\/h4>\n<\/blockquote>\n<hr \/>\n<p>Este taller se desarrollo durante toda la ma\u00f1ana en la plaza departamental y participaron las madres que est\u00e1n haciendo el curso de preparto en OSEP con la profesional, tambi\u00e9n aquellas que asisten al hospital, tanto al lactario como las que est\u00e1n realizando en curso de gestaci\u00f3n en movimiento, maestras de jardines maternales y madres que env\u00edan a sus hijos a estos establecimientos.<\/p>\n<p>La lactancia fomenta el v\u00ednculo emocional entre la madre y el beb\u00e9 a trav\u00e9s del contacto f\u00edsico cercano y el tiempo compartido durante las tomas. Los beb\u00e9s amamantados tienen un desarrollo cognitivo y emocional m\u00e1s s\u00f3lido, ya que el contacto f\u00edsico y la nutrici\u00f3n adecuada contribuyen al desarrollo cerebral.<\/p>\n<p><span style=\"color: #003366;\"><strong>Celeste Vilches<\/strong><\/span>, <em>nutricionista del \u00e1rea de Municipio Saludable<\/em> expres\u00f3:<em><strong> \u201ceste encuentro es el cierre de todas las actividades que hemos realizado durante todo el mes con el Comit\u00e9 de Lactancia Materna, contamos con la presencia del profesional Alberto Arribas que es especialista en nutrici\u00f3n materno infantil\u201d.<\/strong><\/em><\/p>\n<p><em><strong>\u201cEstuvo dirigida a madres lactantes, mujeres embarazadas, maestras de jardines infantiles, profesionales que trabajen con ni\u00f1os peque\u00f1os y el objetivo fue derribar mitos sobre la lactancia materna\u201d<\/strong><\/em>, concluy\u00f3.<\/p>\n","protected":false},"excerpt":{"rendered":"<p>En el marco del mes de la lactancia materna se realiz\u00f3 una actividad sobre la \u201clactancia libre de mitos\u201d donde el &#8230;<\/p>\n","protected":false},"author":7,"featured_media":138861,"comment_status":"open","ping_status":"open","sticky":false,"template":"","format":"standard","meta":{"footnotes":""},"categories":[5,15],"tags":[],"class_list":["post-138859","post","type-post","status-publish","format-standard","has-post-thumbnail","hentry","category-actualidad","category-salud"],"_links":{"self":[{"href":"https:\/\/vinasfm.com\/noticias\/wp-json\/wp\/v2\/posts\/138859","targetHints":{"allow":["GET"]}}],"collection":[{"href":"https:\/\/vinasfm.com\/noticias\/wp-json\/wp\/v2\/posts"}],"about":[{"href":"https:\/\/vinasfm.com\/noticias\/wp-json\/wp\/v2\/types\/post"}],"author":[{"embeddable":true,"href":"https:\/\/vinasfm.com\/noticias\/wp-json\/wp\/v2\/users\/7"}],"replies":[{"embeddable":true,"href":"https:\/\/vinasfm.com\/noticias\/wp-json\/wp\/v2\/comments?post=138859"}],"version-history":[{"count":1,"href":"https:\/\/vinasfm.com\/noticias\/wp-json\/wp\/v2\/posts\/138859\/revisions"}],"predecessor-version":[{"id":138862,"href":"https:\/\/vinasfm.com\/noticias\/wp-json\/wp\/v2\/posts\/138859\/revisions\/138862"}],"wp:featuredmedia":[{"embeddable":true,"href":"https:\/\/vinasfm.com\/noticias\/wp-json\/wp\/v2\/media\/138861"}],"wp:attachment":[{"href":"https:\/\/vinasfm.com\/noticias\/wp-json\/wp\/v2\/media?parent=138859"}],"wp:term":[{"taxonomy":"category","embeddable":true,"href":"https:\/\/vinasfm.com\/noticias\/wp-json\/wp\/v2\/categories?post=138859"},{"taxonomy":"post_tag","embeddable":true,"href":"https:\/\/vinasfm.com\/noticias\/wp-json\/wp\/v2\/tags?post=138859"}],"curies":[{"name":"wp","href":"https:\/\/api.w.org\/{rel}","templated":true}]}}