{"id":138851,"date":"2024-08-26T18:40:33","date_gmt":"2024-08-26T21:40:33","guid":{"rendered":"https:\/\/vinasfm.com\/noticias\/?p=138851"},"modified":"2024-08-29T11:33:05","modified_gmt":"2024-08-29T14:33:05","slug":"concejales-se-reunieron-con-molero-para-seguir-analizando-la-presencia-de-la-lucha-antigranizo-en-el-sur-provincial","status":"publish","type":"post","link":"https:\/\/vinasfm.com\/noticias\/concejales-se-reunieron-con-molero-para-seguir-analizando-la-presencia-de-la-lucha-antigranizo-en-el-sur-provincial\/","title":{"rendered":"CONCEJALES SE REUNIERON CON MOLERO PARA SEGUIR ANALIZANDO LA PRESENCIA DE LA LUCHA ANTIGRANIZO EN EL SUR PROVINCIAL"},"content":{"rendered":"<h4>A mediados de junio, el Gobierno Provincial anunci\u00f3 le levantamiento de la Lucha Antigranizo, en respuesta el Sr. Intendente Alejandro Molero propuso mantener activa la campa\u00f1a en el sur provincial. Los concejales reafirmaron su apoyo con una propuesta que involucra a todos los vecinos.<\/h4>\n<p>Desde el Ministerio de Producci\u00f3n de Mendoza, a cargo del Lic. Rodolfo Vargas Arizu, defendieron su decisi\u00f3n argumentando que <em>\u201cla Lucha Antigranizo era ineficiente\u201d<\/em>. Con el objetivo de no abandonar a los productores de la regi\u00f3n, <strong>el mandatario alvearense propuso continuar con la Lucha Activa en los departamentos del sur, propuesta que recibi\u00f3 el acompa\u00f1amiento de San Rafael y actores del sector productivo.<\/strong><\/p>\n<p>Para lograr mantener activa la campa\u00f1a, desde el Gobierno de Mendoza accedieron a realizar un aporte y el resto correr\u00eda por parte de los municipios. En la ma\u00f1ana de este lunes los miembros del Honorable Concejo Deliberante se reunieron con Molero para analizar el futuro de la Lucha.<\/p>\n<p><strong><em>\u201cHablamos de una decisi\u00f3n acertada teniendo en cuenta la importancia de la Lucha Antigranizo para la producci\u00f3n del sur provincial\u201d,<\/em><\/strong> analiz\u00f3 <span style=\"color: #003366;\"><strong>Florencia Escart\u00edn.<\/strong><\/span>\u00a0<strong><em>\u201cHay varias cosas cuestionables por parte del Gobierno Provincial, tuvieron dichos desafortunados y responsabilizan a dos municipios\u201d<\/em><\/strong>, profundiz\u00f3 la edil y agreg\u00f3 que <strong><em>\u201csi bien a\u00fan hay muchas cosas para estudiar, estamos luchando para mantener la lucha activa aunque sea en el sur de Mendoza\u201d.<\/em><\/strong><\/p>\n<p><a href=\"https:\/\/vinasfm.com\/noticias\/wp-content\/uploads\/2024\/08\/Screenshot_20240826_1838422.jpg\"><img loading=\"lazy\" decoding=\"async\" class=\"alignnone wp-image-138856\" src=\"https:\/\/vinasfm.com\/noticias\/wp-content\/uploads\/2024\/08\/Screenshot_20240826_1838422-1024x553.jpg\" alt=\"\" width=\"500\" height=\"270\" srcset=\"https:\/\/vinasfm.com\/noticias\/wp-content\/uploads\/2024\/08\/Screenshot_20240826_1838422-1024x553.jpg 1024w, https:\/\/vinasfm.com\/noticias\/wp-content\/uploads\/2024\/08\/Screenshot_20240826_1838422-300x162.jpg 300w, https:\/\/vinasfm.com\/noticias\/wp-content\/uploads\/2024\/08\/Screenshot_20240826_1838422-768x415.jpg 768w, https:\/\/vinasfm.com\/noticias\/wp-content\/uploads\/2024\/08\/Screenshot_20240826_1838422.jpg 1167w\" sizes=\"auto, (max-width: 500px) 100vw, 500px\" \/><\/a><\/p>\n<h6>Miembros del Honorable Concejo Deliberante de General Alvear.<\/h6>\n<p>Seg\u00fan el presupuesto realizado, <strong>se requieren 2.600.000.000 de pesos para mantener la Lucha Antigranizo Activa en la regi\u00f3n de sur, la Provincia aportar\u00eda cerca de 1.000.000.000.<\/strong> El Ejecutivo\u00a0propuso aplicar un impuesto del 4% y 6% en las boletas de la luz para recaudar el monto restante. <em><strong>\u201cSe diferenciar\u00e1 entre casas familiares y comercios e industrias\u201d<\/strong><\/em>, explic\u00f3 Ortega.<\/p>\n<p>Si bien a\u00fan resta \u2018pulir\u2019 la propuesta, se necesita de la aprobaci\u00f3n \u2013 por mayor\u00eda \u2013 de los miembros del HCD. Pese a no ser un gran porcentaje, se espera un malestar en la ciudadan\u00eda.<\/p>\n<p><em><strong>\u00abEstamos ocupados y preocupados desde que se conoci\u00f3 la decisi\u00f3n de la Provincia. Afortunadamente nuestro Intendente viene trabajando en el tema, junto con el Intendente de San Rafael, y nos vemos en la obligaci\u00f3n de acompa\u00f1arlo porque no podemos abandonar a la ciudadan\u00eda\u00bb<\/strong><\/em>, expres\u00f3 <strong><span style=\"color: #003366;\">Hernan Climent<\/span><\/strong>. Sobre la propuesta explic\u00f3 que<em><strong> \u00abentendemos que con lo que se recaude con las tarifas m\u00e1s el aporte de Provincia podemos cubrir esta temporada sin mayores alarmas\u00bb.<\/strong><\/em><\/p>\n<p>Por su parte, el concejal <span style=\"color: #003366;\"><strong>Adri\u00e1n Caltabiano<\/strong> <\/span>qui\u00e9n hab\u00eda derogado con anterioridad la tasa de ocupaci\u00f3n de espacio a\u00e9reo, explic\u00f3 que <em><strong>\u00abesta vez se habla de una segmentaci\u00f3n que excluir\u00eda a las tarifas de bajo consumo, adem\u00e1s de un diferencial entre viviendas y comercios\u00bb.<\/strong><\/em> As\u00ed mismo sostuvo que est\u00e1 <em><strong>\u00abtotalmente en contra de crear tasas, pero los tiempos cambian y hay necesidades\u00bb.<\/strong><\/em><\/p>\n<p>Por \u00faltimo, <span style=\"color: #003366;\"><strong>Silvina Melzi<\/strong><\/span> se mostr\u00f3 en contra de la propuesta;<em><strong> \u00abse plantea una opci\u00f3n bastante desacertada, hace un a\u00f1o en este recinto se vot\u00f3 la suspensi\u00f3n un impuesto que estaba mal cobrado y hoy nos proponen que levantemos esa suspensi\u00f3n para que toda la ciudadan\u00eda pueda pagar la Lucha Antigranizo\u00bb.<\/strong><\/em> Luego apunt\u00f3 contra sus pares que apoyan la iniciativa: <em><strong>\u00abhay algunos que se rasgan las vestiduras hablando de querer sacar los impuestos y hoy est\u00e1n votando a favor de esta propuesta, obligando a los ciudadanos a pagar\u00bb.<\/strong><\/em><\/p>\n<h6>G. Vallejos<\/h6>\n","protected":false},"excerpt":{"rendered":"<p>A mediados de junio, el Gobierno Provincial anunci\u00f3 le levantamiento de la Lucha Antigranizo, en respuesta el Sr. Intendente Alejandro Molero &#8230;<\/p>\n","protected":false},"author":7,"featured_media":45436,"comment_status":"open","ping_status":"open","sticky":false,"template":"","format":"standard","meta":{"footnotes":""},"categories":[1],"tags":[],"class_list":["post-138851","post","type-post","status-publish","format-standard","has-post-thumbnail","hentry","category-fmvinas"],"_links":{"self":[{"href":"https:\/\/vinasfm.com\/noticias\/wp-json\/wp\/v2\/posts\/138851","targetHints":{"allow":["GET"]}}],"collection":[{"href":"https:\/\/vinasfm.com\/noticias\/wp-json\/wp\/v2\/posts"}],"about":[{"href":"https:\/\/vinasfm.com\/noticias\/wp-json\/wp\/v2\/types\/post"}],"author":[{"embeddable":true,"href":"https:\/\/vinasfm.com\/noticias\/wp-json\/wp\/v2\/users\/7"}],"replies":[{"embeddable":true,"href":"https:\/\/vinasfm.com\/noticias\/wp-json\/wp\/v2\/comments?post=138851"}],"version-history":[{"count":7,"href":"https:\/\/vinasfm.com\/noticias\/wp-json\/wp\/v2\/posts\/138851\/revisions"}],"predecessor-version":[{"id":138993,"href":"https:\/\/vinasfm.com\/noticias\/wp-json\/wp\/v2\/posts\/138851\/revisions\/138993"}],"wp:featuredmedia":[{"embeddable":true,"href":"https:\/\/vinasfm.com\/noticias\/wp-json\/wp\/v2\/media\/45436"}],"wp:attachment":[{"href":"https:\/\/vinasfm.com\/noticias\/wp-json\/wp\/v2\/media?parent=138851"}],"wp:term":[{"taxonomy":"category","embeddable":true,"href":"https:\/\/vinasfm.com\/noticias\/wp-json\/wp\/v2\/categories?post=138851"},{"taxonomy":"post_tag","embeddable":true,"href":"https:\/\/vinasfm.com\/noticias\/wp-json\/wp\/v2\/tags?post=138851"}],"curies":[{"name":"wp","href":"https:\/\/api.w.org\/{rel}","templated":true}]}}