{"id":138845,"date":"2024-08-26T10:51:19","date_gmt":"2024-08-26T13:51:19","guid":{"rendered":"https:\/\/vinasfm.com\/noticias\/?p=138845"},"modified":"2024-08-27T10:24:22","modified_gmt":"2024-08-27T13:24:22","slug":"continua-en-grave-estado-la-ciclista-que-sufrio-un-accidente-el-pasado-jueves","status":"publish","type":"post","link":"https:\/\/vinasfm.com\/noticias\/continua-en-grave-estado-la-ciclista-que-sufrio-un-accidente-el-pasado-jueves\/","title":{"rendered":"CONTIN\u00daA EN GRAVE ESTADO LA CICLISTA QUE SUFRI\u00d3 UN ACCIDENTE EL PASADO JUEVES"},"content":{"rendered":"<h4>El siniestro tuvo lugar en inmediaciones de Ruta 143, entre calles F y G, cuando una camioneta sobrepas\u00f3 a la ciudadana.<\/h4>\n<p>Seg\u00fan trascendi\u00f3 minutos despu\u00e9s del accidente,<strong> el rodado mayor hab\u00eda rozado con el espejo retrovisor a la ciclista produciendo su ca\u00eda.<\/strong> En primera instancia,<strong> la ciudadana hab\u00eda sido trasladada al nosocomio local pero, por complicaciones en su cuadro de salud, fue derivada al Hospital Teodoro J. Schestakow de San Rafael.<\/strong><\/p>\n<p>A primera hora de este lunes, el Comisario Iv\u00e1n Berm\u00fadez confirm\u00f3 que la ciclista<strong> contin\u00faa internada en la Unidad de Cuidados Intensivos del hospital sanrafaelino con pron\u00f3stico grave a nivel enc\u00e9falo-craneal.<\/strong><\/p>\n","protected":false},"excerpt":{"rendered":"<p>El siniestro tuvo lugar en inmediaciones de Ruta 143, entre calles F y G, cuando una camioneta sobrepas\u00f3 a la ciudadana. &#8230;<\/p>\n","protected":false},"author":7,"featured_media":138846,"comment_status":"open","ping_status":"open","sticky":false,"template":"","format":"standard","meta":{"footnotes":""},"categories":[5,4],"tags":[],"class_list":["post-138845","post","type-post","status-publish","format-standard","has-post-thumbnail","hentry","category-actualidad","category-policiales"],"_links":{"self":[{"href":"https:\/\/vinasfm.com\/noticias\/wp-json\/wp\/v2\/posts\/138845","targetHints":{"allow":["GET"]}}],"collection":[{"href":"https:\/\/vinasfm.com\/noticias\/wp-json\/wp\/v2\/posts"}],"about":[{"href":"https:\/\/vinasfm.com\/noticias\/wp-json\/wp\/v2\/types\/post"}],"author":[{"embeddable":true,"href":"https:\/\/vinasfm.com\/noticias\/wp-json\/wp\/v2\/users\/7"}],"replies":[{"embeddable":true,"href":"https:\/\/vinasfm.com\/noticias\/wp-json\/wp\/v2\/comments?post=138845"}],"version-history":[{"count":1,"href":"https:\/\/vinasfm.com\/noticias\/wp-json\/wp\/v2\/posts\/138845\/revisions"}],"predecessor-version":[{"id":138847,"href":"https:\/\/vinasfm.com\/noticias\/wp-json\/wp\/v2\/posts\/138845\/revisions\/138847"}],"wp:featuredmedia":[{"embeddable":true,"href":"https:\/\/vinasfm.com\/noticias\/wp-json\/wp\/v2\/media\/138846"}],"wp:attachment":[{"href":"https:\/\/vinasfm.com\/noticias\/wp-json\/wp\/v2\/media?parent=138845"}],"wp:term":[{"taxonomy":"category","embeddable":true,"href":"https:\/\/vinasfm.com\/noticias\/wp-json\/wp\/v2\/categories?post=138845"},{"taxonomy":"post_tag","embeddable":true,"href":"https:\/\/vinasfm.com\/noticias\/wp-json\/wp\/v2\/tags?post=138845"}],"curies":[{"name":"wp","href":"https:\/\/api.w.org\/{rel}","templated":true}]}}