{"id":138840,"date":"2024-08-26T10:35:39","date_gmt":"2024-08-26T13:35:39","guid":{"rendered":"https:\/\/vinasfm.com\/noticias\/?p=138840"},"modified":"2024-08-27T10:24:42","modified_gmt":"2024-08-27T13:24:42","slug":"un-importante-incendio-afecto-a-la-reserva-el-trapal","status":"publish","type":"post","link":"https:\/\/vinasfm.com\/noticias\/un-importante-incendio-afecto-a-la-reserva-el-trapal\/","title":{"rendered":"UN IMPORTANTE INCENDIO AFECT\u00d3 A LA RESERVA EL TRAPAL"},"content":{"rendered":"<h4><span style=\"color: #000000;\">Fue en las inmediaciones de calle P y 5 en el desag\u00fce llegando hasta la parte Noroeste de la Reserva El Trapal, una zona donde hay mucha maleza seca.<\/span><\/h4>\n<p><span style=\"color: #000000;\"><em><strong>\u201cLos brigadistas del Plan provincia del Manejo del Fuego pudieron controlar utilizando los senderos de las bicicletas como contrafuego ayudando a que no se expandiera hacia el Sur de la Reserva\u201d<\/strong><\/em>, inform\u00f3 Denis Rabanal, Asesor de Gesti\u00f3n Ambiental.<\/span><\/p>\n<p><span style=\"color: #000000;\"><em><strong>\u201cPero luego lamentablemente cambi\u00f3 la direcci\u00f3n del viento, comenz\u00f3 a rodear la laguna que contiene agua y se pudo controlar mejor, casi hasta apagarlo en su totalidad. Como todos sabemos el fuego es muy peligroso, arde con muy poco y pasada la media noche volvi\u00f3 a tomar cuerpo y tuvimos que utilizar las picadas cortafuego, por suerte todas estaban limpias as\u00ed que eso facilit\u00f3 la tarea\u201d,<\/strong><\/em> explic\u00f3 el Asesor.<\/span><\/p>\n<p><span style=\"color: #000000;\">Los da\u00f1os rondan las 18 hect\u00e1reas aproximadamente, se est\u00e1 investigando para determinar quien lo produjo y darle el apercibimiento que indique la Ley.<em><strong> \u201cPor suerte se actu\u00f3 r\u00e1pidamente de parte de bomberos que estuvieron cuidando que la vivienda cercana no sufra da\u00f1os materiales y tambi\u00e9n los brigadistas del Plan provincia del Manejo del Fuego llegaron r\u00e1pidamente a la Reserva\u201d.<\/strong><\/em><\/span><\/p>\n<p><span style=\"color: #000000;\">Es importante aclarar que prender fuego para limpiar lugares donde hay malezas est\u00e1 prohibido y si es un d\u00eda que corre viento el peligro se agudiza, la gente tiene que saber que existen penas y multas para aquello que inician incendios.<\/span><\/p>\n","protected":false},"excerpt":{"rendered":"<p>Fue en las inmediaciones de calle P y 5 en el desag\u00fce llegando hasta la parte Noroeste de la Reserva El &#8230;<\/p>\n","protected":false},"author":7,"featured_media":138841,"comment_status":"open","ping_status":"open","sticky":false,"template":"","format":"standard","meta":{"footnotes":""},"categories":[10,192],"tags":[],"class_list":["post-138840","post","type-post","status-publish","format-standard","has-post-thumbnail","hentry","category-destacadas","category-gestion-ambiental"],"_links":{"self":[{"href":"https:\/\/vinasfm.com\/noticias\/wp-json\/wp\/v2\/posts\/138840","targetHints":{"allow":["GET"]}}],"collection":[{"href":"https:\/\/vinasfm.com\/noticias\/wp-json\/wp\/v2\/posts"}],"about":[{"href":"https:\/\/vinasfm.com\/noticias\/wp-json\/wp\/v2\/types\/post"}],"author":[{"embeddable":true,"href":"https:\/\/vinasfm.com\/noticias\/wp-json\/wp\/v2\/users\/7"}],"replies":[{"embeddable":true,"href":"https:\/\/vinasfm.com\/noticias\/wp-json\/wp\/v2\/comments?post=138840"}],"version-history":[{"count":3,"href":"https:\/\/vinasfm.com\/noticias\/wp-json\/wp\/v2\/posts\/138840\/revisions"}],"predecessor-version":[{"id":138850,"href":"https:\/\/vinasfm.com\/noticias\/wp-json\/wp\/v2\/posts\/138840\/revisions\/138850"}],"wp:featuredmedia":[{"embeddable":true,"href":"https:\/\/vinasfm.com\/noticias\/wp-json\/wp\/v2\/media\/138841"}],"wp:attachment":[{"href":"https:\/\/vinasfm.com\/noticias\/wp-json\/wp\/v2\/media?parent=138840"}],"wp:term":[{"taxonomy":"category","embeddable":true,"href":"https:\/\/vinasfm.com\/noticias\/wp-json\/wp\/v2\/categories?post=138840"},{"taxonomy":"post_tag","embeddable":true,"href":"https:\/\/vinasfm.com\/noticias\/wp-json\/wp\/v2\/tags?post=138840"}],"curies":[{"name":"wp","href":"https:\/\/api.w.org\/{rel}","templated":true}]}}