{"id":138828,"date":"2024-08-26T10:26:50","date_gmt":"2024-08-26T13:26:50","guid":{"rendered":"https:\/\/vinasfm.com\/noticias\/?p=138828"},"modified":"2024-08-27T10:25:12","modified_gmt":"2024-08-27T13:25:12","slug":"cava-los-autos-antiguos-recorrieron-general-alvear","status":"publish","type":"post","link":"https:\/\/vinasfm.com\/noticias\/cava-los-autos-antiguos-recorrieron-general-alvear\/","title":{"rendered":"CAVA: LOS AUTOS ANTIGUOS RECORRIERON GENERAL ALVEAR"},"content":{"rendered":"<h4><span style=\"color: #000000;\">En el alg\u00fan momento viajaron creando historias, hoy recorren las calles del departamento para recordarlas. <\/span><\/h4>\n<p><span style=\"color: #000000;\">Como cada a\u00f1o, CAVA realiza dos carreras de autos antiguos: la primera a fines de marzo y la segunda en el aniversario del Club Alvearense de Veh\u00edculos Antiguos. Daniel Platero, organizador, se\u00f1al\u00f3 que <em><strong>\u00abes un gusto para el Club poder recorrer el departamento y hacer part\u00edcipes a todos los alvearenses\u00bb.<\/strong> <\/em>Adem\u00e1s, este evento atrae a decenas de aficionados de las reliquias sobre ruedas; <strong><em>\u00abesto crece a\u00f1o a a\u00f1o, nos llena de orgullo y nos confirma que estamos haciendo las cosas bien. Con las visitas se genera un gran movimiento en el departamento, aportando una calidez distinta\u00bb. <\/em><\/strong><\/span><\/p>\n<p><span style=\"color: #000000;\">Por su parte, la delegada de San Pedro del Atuel, Norma Costa, agradeci\u00f3 el paso de la Carrera por el distrito del sur. <em><strong>\u00abTuvimos la participaci\u00f3n de nuestros artistas, creando un espect\u00e1culo muy especial\u00bb. <\/strong><\/em><\/span><\/p>\n<p><span style=\"color: #000000;\">La Carrera de Autos Antiguos atrajo a pilotos de otras provincias, tal fue el caso de Carlos Aimar oriundo de Rancul, La Pampa. <em><strong>\u00abEstamos muy ligados con Alvear y San Rafael, por lo que estamos muy contentos de ser parte\u00bb.<\/strong><\/em> Aimar recorri\u00f3 las calles de General Alvear a bordo de un Torino Liebre 1, replica del autom\u00f3vil del piloto argentino de automovilismo Gast\u00f3n Perkins. <em><strong>\u00abSi bien no es el auto original, la gente disfruta mucho de estos veh\u00edculos porque muchos pudieron ver al original correr\u00bb<\/strong><\/em>, destac\u00f3.<\/span><\/p>\n<p><a href=\"https:\/\/vinasfm.com\/noticias\/wp-content\/uploads\/2024\/08\/IMG-20240826-WA0097.jpg\"><img loading=\"lazy\" decoding=\"async\" class=\"alignnone wp-image-138830\" src=\"https:\/\/vinasfm.com\/noticias\/wp-content\/uploads\/2024\/08\/IMG-20240826-WA0097-1024x575.jpg\" alt=\"\" width=\"400\" height=\"224\" srcset=\"https:\/\/vinasfm.com\/noticias\/wp-content\/uploads\/2024\/08\/IMG-20240826-WA0097-1024x575.jpg 1024w, https:\/\/vinasfm.com\/noticias\/wp-content\/uploads\/2024\/08\/IMG-20240826-WA0097-300x168.jpg 300w, https:\/\/vinasfm.com\/noticias\/wp-content\/uploads\/2024\/08\/IMG-20240826-WA0097-768x431.jpg 768w, https:\/\/vinasfm.com\/noticias\/wp-content\/uploads\/2024\/08\/IMG-20240826-WA0097-1536x862.jpg 1536w, https:\/\/vinasfm.com\/noticias\/wp-content\/uploads\/2024\/08\/IMG-20240826-WA0097-750x420.jpg 750w, https:\/\/vinasfm.com\/noticias\/wp-content\/uploads\/2024\/08\/IMG-20240826-WA0097-1140x641.jpg 1140w, https:\/\/vinasfm.com\/noticias\/wp-content\/uploads\/2024\/08\/IMG-20240826-WA0097.jpg 1600w\" sizes=\"auto, (max-width: 400px) 100vw, 400px\" \/> <img loading=\"lazy\" decoding=\"async\" class=\"\" src=\"https:\/\/automundo.com.ar\/wp-content\/uploads\/2021\/02\/Gaston-Perkins.jpg\" alt=\"Torino en el Turismo Carretera: De la CGT a las Liebres...\" width=\"362\" height=\"226\" \/><\/a><\/p>\n<h6>De izquierda a derecha: Replica del Torino Libre 1 y el auto original.<\/h6>\n","protected":false},"excerpt":{"rendered":"<p>En el alg\u00fan momento viajaron creando historias, hoy recorren las calles del departamento para recordarlas. Como cada a\u00f1o, CAVA realiza dos &#8230;<\/p>\n","protected":false},"author":7,"featured_media":138831,"comment_status":"open","ping_status":"open","sticky":false,"template":"","format":"standard","meta":{"footnotes":""},"categories":[10,1,11],"tags":[],"class_list":["post-138828","post","type-post","status-publish","format-standard","has-post-thumbnail","hentry","category-destacadas","category-fmvinas","category-sociales"],"_links":{"self":[{"href":"https:\/\/vinasfm.com\/noticias\/wp-json\/wp\/v2\/posts\/138828","targetHints":{"allow":["GET"]}}],"collection":[{"href":"https:\/\/vinasfm.com\/noticias\/wp-json\/wp\/v2\/posts"}],"about":[{"href":"https:\/\/vinasfm.com\/noticias\/wp-json\/wp\/v2\/types\/post"}],"author":[{"embeddable":true,"href":"https:\/\/vinasfm.com\/noticias\/wp-json\/wp\/v2\/users\/7"}],"replies":[{"embeddable":true,"href":"https:\/\/vinasfm.com\/noticias\/wp-json\/wp\/v2\/comments?post=138828"}],"version-history":[{"count":3,"href":"https:\/\/vinasfm.com\/noticias\/wp-json\/wp\/v2\/posts\/138828\/revisions"}],"predecessor-version":[{"id":138833,"href":"https:\/\/vinasfm.com\/noticias\/wp-json\/wp\/v2\/posts\/138828\/revisions\/138833"}],"wp:featuredmedia":[{"embeddable":true,"href":"https:\/\/vinasfm.com\/noticias\/wp-json\/wp\/v2\/media\/138831"}],"wp:attachment":[{"href":"https:\/\/vinasfm.com\/noticias\/wp-json\/wp\/v2\/media?parent=138828"}],"wp:term":[{"taxonomy":"category","embeddable":true,"href":"https:\/\/vinasfm.com\/noticias\/wp-json\/wp\/v2\/categories?post=138828"},{"taxonomy":"post_tag","embeddable":true,"href":"https:\/\/vinasfm.com\/noticias\/wp-json\/wp\/v2\/tags?post=138828"}],"curies":[{"name":"wp","href":"https:\/\/api.w.org\/{rel}","templated":true}]}}