{"id":138826,"date":"2024-08-26T09:42:07","date_gmt":"2024-08-26T12:42:07","guid":{"rendered":"https:\/\/vinasfm.com\/noticias\/?p=138826"},"modified":"2024-08-27T10:25:24","modified_gmt":"2024-08-27T13:25:24","slug":"irregularidades-que-afectan-a-los-productores-sanrafaelinos","status":"publish","type":"post","link":"https:\/\/vinasfm.com\/noticias\/irregularidades-que-afectan-a-los-productores-sanrafaelinos\/","title":{"rendered":"IRREGULARIDADES QUE AFECTAN A LOS PRODUCTORES SANRAFAELINOS"},"content":{"rendered":"<h4><span style=\"color: #000000;\"><strong>Sumado a la falta de acci\u00f3n de la C\u00e1mara de Comercio de San Rafael, la finalizaci\u00f3n de la lucha antigranizo, que decidi\u00f3 el Ejecutivo provincial de manera arbitraria, y el posterior anuncio del monto de las compensaciones del seguro agr\u00edcola, dejaron sumamente inconformes a sectores productivos del sur de la provincia.<\/strong><\/span><\/h4>\n<p><span style=\"color: #000000;\">En las \u00faltimas horas, el senador provincial Mauricio Sat present\u00f3 un proyecto de ley mediante el cual se pide corregir las desigualdades que afectan directamente a los productores del sur de Mendoza<strong>. La propuesta incluye nuevas valoraciones para cuantificar los da\u00f1os en las producciones, ya sea por heladas o granizo.\u00a0<\/strong><\/span><\/p>\n<p><span style=\"color: #000000;\"><em><strong>\u00abEl proyecto ya fue presentado en el Senado. A trav\u00e9s del mismo, le solicitamos al gobierno provincial que modifique los cambios introducidos en el Seguro Agr\u00edcola. Desde un principio planteamos nuestra opini\u00f3n sobre este tema, al igual que el fin de la lucha antigranizo, pero evidentemente las autoridades de la provincia no nos quieren escuchar\u00bb<\/strong><\/em>, declar\u00f3 Mauricio Sat.<\/span><\/p>\n<p><span style=\"color: #000000;\"><strong>\u00abAsimismo, como el seguro hoy te permite contratar el da\u00f1o por granizo y heladas, lo que nosotros proponemos es que se ampl\u00ede a los productores que posean tela antigranizo para que puedan acceder a la cobertura para heladas\u00bb<\/strong>, plante\u00f3.<\/span><\/p>\n<p><img decoding=\"async\" src=\"https:\/\/www.memo.com.ar\/files\/image\/25\/25516\/615cd5d3b00f6.jpg\" alt=\"Prevenci\u00f3n del suicidio de j\u00f3venes: sorpresiva abstenci\u00f3n del FIT -  Noticias de Mendoza - Memo\" \/><\/p>\n<p><span style=\"color: #000000;\">Agreg\u00f3 que con la iniciativa tambi\u00e9n se busca equiparar la prima del seguro.<em><strong> \u00abDentro de esta propuesta, tambi\u00e9n pedimos que todos los productores de la provincia paguen el mismo precio por el seguro y no como est\u00e1 planteado en la actualidad, donde los productores del sur pagan m\u00e1s caro por la misma compensaci\u00f3n. No puede ser que al sur se le cobre m\u00e1s caro que al Valle de Uco o la zona este, cuando los productores de esas regiones tienen un mayor margen de rentabilidad. Incluso, en los \u00faltimos a\u00f1os el clima ha cambiado y se han podido observar tormentas m\u00e1s fuertes en la zona este que en el sur. \u00abDe hecho, en lo que se refiere a la campa\u00f1a de Lobesia Botrana todos los oasis aportan de forma igualitaria, aun cuando el sur es la zona que menos problemas tiene\u00bb<\/strong><\/em>, compar\u00f3 para sintetizar su argumentaci\u00f3n.<\/span><\/p>\n<p><span style=\"color: #000000;\">M\u00e1s adelante, se refiri\u00f3 a la crisis econ\u00f3mica que atraviesa al sector productivo de la regi\u00f3n. <em><strong>\u00abLa situaci\u00f3n que hoy viven los productores es desesperante. Muchos no saben si comprar el gasoil y fertilizantes o contratar al seguro. Por eso, le estamos solicitando al Ejecutivo que revise la medida con la esperanza de que se puedan hacer las modificaciones necesarias\u00bb<\/strong><\/em>, sostuvo Sat.<\/span><\/p>\n<p><span style=\"color: #000000;\">Por otra parte, afirm\u00f3 que la lucha antigranizo debe continuar en el sur provincial. <em><strong>\u00abConsideramos que ese sistema de mitigaci\u00f3n es una ayuda que debe continuar. Los costos operativos son m\u00ednimos, ya que representan solo el 0,3 % del presupuesto de la provincia y si uno se detiene a pensar que los beneficios no son solamente para los productores, sino tambi\u00e9n para el sector comercial y el turismo\u00bb<\/strong><\/em>, se\u00f1al\u00f3 el senador.<\/span><\/p>\n<p><span style=\"color: #000000;\"><em><strong>\u00abLa verdad es que el intendente de San Rafael, Omar F\u00e9lix, siempre ha estado dispuesto a colaborar con el tema. En el medio, hubo un enojo por declaraciones que se le adjudicaron y nunca salieron de su boca. Por eso, reitero que es muy importante que se avance con la propuesta. No obstante, estamos ajustados en cuanto a los tiempos ya que los primeros de septiembre se realiza la prueba piloto con el uso de los aviones y piroctenia. Hay que trabajar el tema con prudencia y seriedad. En ese sentido, creo que debe existir una ley provincial que plantee c\u00f3mo se va a financiar y sostener en el tiempo este sistema de mitigaci\u00f3n en el oasis sur\u00bb<\/strong><\/em>, razon\u00f3 al cierre del reportaje.<\/span><\/p>\n<h6>Diario San Rafael<\/h6>\n","protected":false},"excerpt":{"rendered":"<p>Sumado a la falta de acci\u00f3n de la C\u00e1mara de Comercio de San Rafael, la finalizaci\u00f3n de la lucha antigranizo, que &#8230;<\/p>\n","protected":false},"author":7,"featured_media":137333,"comment_status":"open","ping_status":"open","sticky":false,"template":"","format":"standard","meta":{"footnotes":""},"categories":[5,14],"tags":[],"class_list":["post-138826","post","type-post","status-publish","format-standard","has-post-thumbnail","hentry","category-actualidad","category-agro"],"_links":{"self":[{"href":"https:\/\/vinasfm.com\/noticias\/wp-json\/wp\/v2\/posts\/138826","targetHints":{"allow":["GET"]}}],"collection":[{"href":"https:\/\/vinasfm.com\/noticias\/wp-json\/wp\/v2\/posts"}],"about":[{"href":"https:\/\/vinasfm.com\/noticias\/wp-json\/wp\/v2\/types\/post"}],"author":[{"embeddable":true,"href":"https:\/\/vinasfm.com\/noticias\/wp-json\/wp\/v2\/users\/7"}],"replies":[{"embeddable":true,"href":"https:\/\/vinasfm.com\/noticias\/wp-json\/wp\/v2\/comments?post=138826"}],"version-history":[{"count":1,"href":"https:\/\/vinasfm.com\/noticias\/wp-json\/wp\/v2\/posts\/138826\/revisions"}],"predecessor-version":[{"id":138827,"href":"https:\/\/vinasfm.com\/noticias\/wp-json\/wp\/v2\/posts\/138826\/revisions\/138827"}],"wp:featuredmedia":[{"embeddable":true,"href":"https:\/\/vinasfm.com\/noticias\/wp-json\/wp\/v2\/media\/137333"}],"wp:attachment":[{"href":"https:\/\/vinasfm.com\/noticias\/wp-json\/wp\/v2\/media?parent=138826"}],"wp:term":[{"taxonomy":"category","embeddable":true,"href":"https:\/\/vinasfm.com\/noticias\/wp-json\/wp\/v2\/categories?post=138826"},{"taxonomy":"post_tag","embeddable":true,"href":"https:\/\/vinasfm.com\/noticias\/wp-json\/wp\/v2\/tags?post=138826"}],"curies":[{"name":"wp","href":"https:\/\/api.w.org\/{rel}","templated":true}]}}