{"id":138821,"date":"2024-08-26T08:56:01","date_gmt":"2024-08-26T11:56:01","guid":{"rendered":"https:\/\/vinasfm.com\/noticias\/?p=138821"},"modified":"2024-08-27T10:25:42","modified_gmt":"2024-08-27T13:25:42","slug":"personal-policial-detuvo-a-un-delincuente-que-habia-sustraido-elementos-de-un-vehiculo","status":"publish","type":"post","link":"https:\/\/vinasfm.com\/noticias\/personal-policial-detuvo-a-un-delincuente-que-habia-sustraido-elementos-de-un-vehiculo\/","title":{"rendered":"PERSONAL POLICIAL DETUVO A UN DELINCUENTE QUE HAB\u00cdA SUSTRA\u00cdDO ELEMENTOS DE UN VEH\u00cdCULO"},"content":{"rendered":"<h4><span style=\"color: #000000;\">El hecho ocurri\u00f3 en la ma\u00f1ana del domingo, cerca de las 11:30 horas, en inmediaciones de calles 25 de Mayo y Av. Libertador Norte.<\/span><\/h4>\n<p><span style=\"color: #000000;\">En el lugar, la v\u00edctima hab\u00eda dejado estacionado su veh\u00edculo utilitario con medidas de seguridad. <strong>Minutos m\u00e1s tardes un sujeto produjo la rotura del vidrio de la ventanilla y posterior la sustracci\u00f3n de elementos del interior.<\/strong><\/span><\/p>\n<p><span style=\"color: #000000;\">Personal de cuerpos especiales <strong>logr\u00f3 la aprehensi\u00f3n del autor, como as\u00ed tambi\u00e9n al secuestro de los elementos sustra\u00eddos.<\/strong> El sujeto se encuentra a disposici\u00f3n de la oficina fiscal aprehendido en Comisar\u00eda 14\u00b0.<\/span><\/p>\n","protected":false},"excerpt":{"rendered":"<p>El hecho ocurri\u00f3 en la ma\u00f1ana del domingo, cerca de las 11:30 horas, en inmediaciones de calles 25 de Mayo y &#8230;<\/p>\n","protected":false},"author":7,"featured_media":138825,"comment_status":"open","ping_status":"open","sticky":false,"template":"","format":"standard","meta":{"footnotes":""},"categories":[201,4],"tags":[],"class_list":["post-138821","post","type-post","status-publish","format-standard","has-post-thumbnail","hentry","category-inseguridad","category-policiales"],"_links":{"self":[{"href":"https:\/\/vinasfm.com\/noticias\/wp-json\/wp\/v2\/posts\/138821","targetHints":{"allow":["GET"]}}],"collection":[{"href":"https:\/\/vinasfm.com\/noticias\/wp-json\/wp\/v2\/posts"}],"about":[{"href":"https:\/\/vinasfm.com\/noticias\/wp-json\/wp\/v2\/types\/post"}],"author":[{"embeddable":true,"href":"https:\/\/vinasfm.com\/noticias\/wp-json\/wp\/v2\/users\/7"}],"replies":[{"embeddable":true,"href":"https:\/\/vinasfm.com\/noticias\/wp-json\/wp\/v2\/comments?post=138821"}],"version-history":[{"count":1,"href":"https:\/\/vinasfm.com\/noticias\/wp-json\/wp\/v2\/posts\/138821\/revisions"}],"predecessor-version":[{"id":138822,"href":"https:\/\/vinasfm.com\/noticias\/wp-json\/wp\/v2\/posts\/138821\/revisions\/138822"}],"wp:featuredmedia":[{"embeddable":true,"href":"https:\/\/vinasfm.com\/noticias\/wp-json\/wp\/v2\/media\/138825"}],"wp:attachment":[{"href":"https:\/\/vinasfm.com\/noticias\/wp-json\/wp\/v2\/media?parent=138821"}],"wp:term":[{"taxonomy":"category","embeddable":true,"href":"https:\/\/vinasfm.com\/noticias\/wp-json\/wp\/v2\/categories?post=138821"},{"taxonomy":"post_tag","embeddable":true,"href":"https:\/\/vinasfm.com\/noticias\/wp-json\/wp\/v2\/tags?post=138821"}],"curies":[{"name":"wp","href":"https:\/\/api.w.org\/{rel}","templated":true}]}}