{"id":138806,"date":"2024-08-24T12:55:14","date_gmt":"2024-08-24T15:55:14","guid":{"rendered":"https:\/\/vinasfm.com\/noticias\/?p=138806"},"modified":"2024-08-26T10:33:06","modified_gmt":"2024-08-26T13:33:06","slug":"casa-rosada-ya-ordeno-cambios-en-el-pami-de-mendoza-tras-la-expulsion-de-lourdes-arrieta","status":"publish","type":"post","link":"https:\/\/vinasfm.com\/noticias\/casa-rosada-ya-ordeno-cambios-en-el-pami-de-mendoza-tras-la-expulsion-de-lourdes-arrieta\/","title":{"rendered":"CASA ROSADA YA ORDEN\u00d3 CAMBIOS EN EL PAMI DE MENDOZA TRAS LA EXPULSI\u00d3N DE LOURDES ARRIETA"},"content":{"rendered":"<h4><strong>Tal y como trascendi\u00f3 este viernes,\u00a0Lourdes Arrieta\u00a0ser\u00e1 expulsada de\u00a0La Libertad Avanza. La diputada protagoniz\u00f3 distintos esc\u00e1ndalos y el costo pol\u00edtico estar\u00e1 a la altura de los mimos,\u00a0ya que no formar\u00e1 m\u00e1s parte del bloque en el Congreso por decisi\u00f3n de Karina Milei. Si bien todav\u00eda no es oficial y se terminar\u00e1 de convertir en un hecho el pr\u00f3ximo martes, hay medidas que bajan de Casa Rosada que vac\u00edan de poder a Arrieta en el\u00a0<a href=\"https:\/\/www.mdzol.com\/temas\/pami-728.html\" target=\"_blank\" rel=\"noopener\">PAMI<\/a>, que hasta el momento era \u00abmanejado\u00bb pol\u00edticamente por ella.<\/strong><\/h4>\n<p>Seg\u00fan pudo saber MDZ este s\u00e1bado por la ma\u00f1ana, el PAMI de Mendoza tendr\u00e1 m\u00e1s cambios en los pr\u00f3ximos d\u00edas producto del quiebre en la relaci\u00f3n que hay con\u00a0<strong>Lourdes Arrieta<\/strong>\u00a0a 8 meses del inicio de la gesti\u00f3n de\u00a0<strong>Javier Milei<\/strong>. Algunos de estos cambios ya son oficiales: una resoluci\u00f3n del PAMI (2024-2418) a nivel nacional indica que desde el pasado jueves ya se le asign\u00f3 a Fernando Barreira, dirigente del PRO, las funciones de la jefatura de Asuntos Jur\u00eddicos.<\/p>\n<p>Seg\u00fan manifestaron fuentes oficiales a este medio, desde Casa Rosada insisten en que el actual titular del PAMI, David Litvinchuk tiene que comenzar a \u00absacar del juego\u00bb a los principales alfiles que tiene Arrieta dentro del PAMI. El coordinador de Pol\u00edticas Sociales, Renzo Cadile y el Coordinador de MAP, Gonzalo Mugianesi son dos de los apuntados por ser de extrema confianza de la diputada que ser\u00e1 expulsada en las pr\u00f3ximas horas de forma oficial de\u00a0<strong>La Libertad Avanza.<\/strong><\/p>\n<p>Estos coletazos alcanzar\u00edan en primer lugar a estos funcionarios ya que se trata de dos cargos pol\u00edticos dispuestos por la legisladora mendocina. Sin embargo, la decisi\u00f3n por ahora no alcanzar\u00eda al libertario David\u00a0Litvinchuk, quien seguir\u00eda como titular del PAMI pese a tambi\u00e9n haber sido designado por Arrieta cuando destituy\u00f3 a Soloa Vacas hace pocos meses por no haber cumplido algunas \u00f3rdenes pedidas por la diputada. De hecho, MDZ cont\u00f3 que el titular del PAMI se acerc\u00f3 en las \u00faltimas semanas al diputado Facundo Correa Llano, quien empez\u00f3 a levantar el perfil en medio de los esc\u00e1ndalos de Arrieta y su alejamiento de Mart\u00edn Menem.<\/p>\n<p>A\u00fan resta saber qu\u00e9 pasar\u00e1 con los cargos otorgados en ANSES. La diputada libertaria design\u00f3 a la delgada del Ministerio de Trabajo de Mendoza y a la de San Rafael, pero no est\u00e1 claro lo que pasar\u00e1 all\u00ed ya que el titular de ANSES Mendoza, Emilio Agu, responde pol\u00edticamente a Luis Petri.<\/p>\n<h2>Idas y vueltas en PAMI, lo que destap\u00f3 el primer esc\u00e1ndalo<\/h2>\n<p>Si bien\u00a0<strong>Arrieta\u00a0<\/strong>ahora es apuntada por su visita a genocidas presos en Ezeiza y por intentar luego despegarse del asunto; mucho antes en el tiempo protagoniz\u00f3 otros esc\u00e1ndalos pol\u00edticos con nombramientos y expulsiones del\u00a0<strong>PAMI de Mendoza.<\/strong><\/p>\n<p>Como se mencion\u00f3 anteriormente, el primer titular del PAMI Mendoza en la gesti\u00f3n Milei fue Carlos Soloa Vacas, quien fue destituido por el clan Arrieta (Lourdes y su hermano Mart\u00edn) luego de desobedecer \u00f3rdenes para expulsar a varios funcionarios por pedido de la diputada. \u00abMe echaron por cuestiones pol\u00edticas, por no cumplir caprichos de Arrieta y me pidi\u00f3 echar gente que no era de su ri\u00f1\u00f3n pol\u00edtico, hasta me pidi\u00f3 echar a una m\u00e9dica que ganaba m\u00e1s que ella\u00bb, cont\u00f3 en\u00a0<em>MDZ Radio<\/em>\u00a0Soloa Vacas.<\/p>\n<p>Luego de eso, el designado fue el libertario Litvinchuk con quien no ha habido mayores pol\u00e9micas, aunque llegaron con \u00e9l los nombramientos de quienes hoy est\u00e1n en la mira: Gonzalo Mugianesi para la Coordinaci\u00f3n del MAP y Renzo Cadile para pol\u00edticas sociales. El titular no correr\u00eda riesgo tras la salida de Arrieta y tampoco Natalia Maffei, de la Coordinaci\u00f3n M\u00e9dica.<\/p>\n<p>En julio de este a\u00f1o, es decir, hace un mes; se puso a disposici\u00f3n una especie de \u00abpurga\u00bb en la que varios funcionarios que respond\u00edan a La C\u00e1mpora dejaron de formar parte del PAMI a pedido de Litvinchuk (y por orden de Karina Milei), que fue quien apret\u00f3 el bot\u00f3n rojo luego de conocer los motivos por los que echaron a quien ven\u00eda a reemplazar. En total, fueron doce resoluciones en las que fueron eyectados varios funcionarios identificados con el peronismo que segu\u00edan dentro del PAMI.<\/p>\n","protected":false},"excerpt":{"rendered":"<p>Tal y como trascendi\u00f3 este viernes,\u00a0Lourdes Arrieta\u00a0ser\u00e1 expulsada de\u00a0La Libertad Avanza. La diputada protagoniz\u00f3 distintos esc\u00e1ndalos y el costo pol\u00edtico estar\u00e1 &#8230;<\/p>\n","protected":false},"author":7,"featured_media":138807,"comment_status":"open","ping_status":"open","sticky":false,"template":"","format":"standard","meta":{"footnotes":""},"categories":[5,10],"tags":[],"class_list":["post-138806","post","type-post","status-publish","format-standard","has-post-thumbnail","hentry","category-actualidad","category-destacadas"],"_links":{"self":[{"href":"https:\/\/vinasfm.com\/noticias\/wp-json\/wp\/v2\/posts\/138806","targetHints":{"allow":["GET"]}}],"collection":[{"href":"https:\/\/vinasfm.com\/noticias\/wp-json\/wp\/v2\/posts"}],"about":[{"href":"https:\/\/vinasfm.com\/noticias\/wp-json\/wp\/v2\/types\/post"}],"author":[{"embeddable":true,"href":"https:\/\/vinasfm.com\/noticias\/wp-json\/wp\/v2\/users\/7"}],"replies":[{"embeddable":true,"href":"https:\/\/vinasfm.com\/noticias\/wp-json\/wp\/v2\/comments?post=138806"}],"version-history":[{"count":1,"href":"https:\/\/vinasfm.com\/noticias\/wp-json\/wp\/v2\/posts\/138806\/revisions"}],"predecessor-version":[{"id":138808,"href":"https:\/\/vinasfm.com\/noticias\/wp-json\/wp\/v2\/posts\/138806\/revisions\/138808"}],"wp:featuredmedia":[{"embeddable":true,"href":"https:\/\/vinasfm.com\/noticias\/wp-json\/wp\/v2\/media\/138807"}],"wp:attachment":[{"href":"https:\/\/vinasfm.com\/noticias\/wp-json\/wp\/v2\/media?parent=138806"}],"wp:term":[{"taxonomy":"category","embeddable":true,"href":"https:\/\/vinasfm.com\/noticias\/wp-json\/wp\/v2\/categories?post=138806"},{"taxonomy":"post_tag","embeddable":true,"href":"https:\/\/vinasfm.com\/noticias\/wp-json\/wp\/v2\/tags?post=138806"}],"curies":[{"name":"wp","href":"https:\/\/api.w.org\/{rel}","templated":true}]}}