{"id":138745,"date":"2024-08-22T21:23:48","date_gmt":"2024-08-23T00:23:48","guid":{"rendered":"https:\/\/vinasfm.com\/noticias\/?p=138745"},"modified":"2024-08-23T10:28:42","modified_gmt":"2024-08-23T13:28:42","slug":"una-importante-granizada-cayo-en-canada-seca","status":"publish","type":"post","link":"https:\/\/vinasfm.com\/noticias\/una-importante-granizada-cayo-en-canada-seca\/","title":{"rendered":"UNA IMPORTANTE GRANIZADA CAY\u00d3 EN CA\u00d1ADA SECA"},"content":{"rendered":"<h4><span style=\"color: #000000;\">El fen\u00f3meno azot\u00f3 al distrito de San Rafael y dej\u00f3 un paisaje invernal.\u00a0<\/span><\/h4>\n<p><span style=\"color: #000000;\">Desde las primeras horas de la tarde se pudieron observar las grandes nubes que cubrieron el cielo sanrafaelino, con el correr de las horas comenz\u00f3 una granizada que sorprendi\u00f3 a los vecinos.<strong> La localidad m\u00e1s afectada fue Ca\u00f1ada Seca, seguida del paraje Los Claveles, parte de Rama Ca\u00edda, Goudge, La Pichana y zonas de La Llave Vieja, y en cuesti\u00f3n de minutos el piso qued\u00f3 completamente blanco.<\/strong><\/span><\/p>\n<p><span style=\"color: #000000;\">Los vecinos no tardaron tomar sus dispositivos m\u00f3viles y <a href=\"https:\/\/www.facebook.com\/share\/v\/UtYoamNp8L8R7tL1\/?mibextid=xfxF2i\">dejar guardadas las im\u00e1genes<\/a> del paisaje blanco, producto del graupel.<\/span><\/p>\n<p><a href=\"https:\/\/vinasfm.com\/noticias\/wp-content\/uploads\/2024\/08\/4.webp\"><img loading=\"lazy\" decoding=\"async\" class=\"alignnone size-medium wp-image-138750\" src=\"https:\/\/vinasfm.com\/noticias\/wp-content\/uploads\/2024\/08\/4-169x300.webp\" alt=\"\" width=\"169\" height=\"300\" srcset=\"https:\/\/vinasfm.com\/noticias\/wp-content\/uploads\/2024\/08\/4-169x300.webp 169w, https:\/\/vinasfm.com\/noticias\/wp-content\/uploads\/2024\/08\/4-576x1024.webp 576w, https:\/\/vinasfm.com\/noticias\/wp-content\/uploads\/2024\/08\/4-768x1365.webp 768w, https:\/\/vinasfm.com\/noticias\/wp-content\/uploads\/2024\/08\/4.webp 800w\" sizes=\"auto, (max-width: 169px) 100vw, 169px\" \/><\/a> <a href=\"https:\/\/vinasfm.com\/noticias\/wp-content\/uploads\/2024\/08\/5-copia.webp\"><img loading=\"lazy\" decoding=\"async\" class=\"alignnone size-medium wp-image-138751\" src=\"https:\/\/vinasfm.com\/noticias\/wp-content\/uploads\/2024\/08\/5-copia-300x178.webp\" alt=\"\" width=\"300\" height=\"178\" srcset=\"https:\/\/vinasfm.com\/noticias\/wp-content\/uploads\/2024\/08\/5-copia-300x178.webp 300w, https:\/\/vinasfm.com\/noticias\/wp-content\/uploads\/2024\/08\/5-copia-768x455.webp 768w, https:\/\/vinasfm.com\/noticias\/wp-content\/uploads\/2024\/08\/5-copia.webp 800w\" sizes=\"auto, (max-width: 300px) 100vw, 300px\" \/><\/a><\/p>\n<p><span style=\"color: #000000;\">El graupel, tambi\u00e9n conocido como granizo suave o granizo peque\u00f1o,<strong> se forma cuando las gotas de agua sobreenfriadas en la atm\u00f3sfera se adhieren a los copos de nieve.<\/strong><\/span><\/p>\n<p><span style=\"color: #000000;\">Este proceso, conocido como \u00abrime ice\u00bb en ingl\u00e9s,<strong> ocurre en condiciones de alta humedad y temperaturas bajo cero.<\/strong> A medida que las gotas de agua se congelan sobre los copos de nieve, forman peque\u00f1as bolas de hielo blanco y blando, con un di\u00e1metro que generalmente no supera los cinco mil\u00edmetros.<\/span><\/p>\n","protected":false},"excerpt":{"rendered":"<p>El fen\u00f3meno azot\u00f3 al distrito de San Rafael y dej\u00f3 un paisaje invernal.\u00a0 Desde las primeras horas de la tarde se &#8230;<\/p>\n","protected":false},"author":7,"featured_media":138746,"comment_status":"open","ping_status":"open","sticky":false,"template":"","format":"standard","meta":{"footnotes":""},"categories":[5,17],"tags":[],"class_list":["post-138745","post","type-post","status-publish","format-standard","has-post-thumbnail","hentry","category-actualidad","category-clima"],"_links":{"self":[{"href":"https:\/\/vinasfm.com\/noticias\/wp-json\/wp\/v2\/posts\/138745","targetHints":{"allow":["GET"]}}],"collection":[{"href":"https:\/\/vinasfm.com\/noticias\/wp-json\/wp\/v2\/posts"}],"about":[{"href":"https:\/\/vinasfm.com\/noticias\/wp-json\/wp\/v2\/types\/post"}],"author":[{"embeddable":true,"href":"https:\/\/vinasfm.com\/noticias\/wp-json\/wp\/v2\/users\/7"}],"replies":[{"embeddable":true,"href":"https:\/\/vinasfm.com\/noticias\/wp-json\/wp\/v2\/comments?post=138745"}],"version-history":[{"count":5,"href":"https:\/\/vinasfm.com\/noticias\/wp-json\/wp\/v2\/posts\/138745\/revisions"}],"predecessor-version":[{"id":138753,"href":"https:\/\/vinasfm.com\/noticias\/wp-json\/wp\/v2\/posts\/138745\/revisions\/138753"}],"wp:featuredmedia":[{"embeddable":true,"href":"https:\/\/vinasfm.com\/noticias\/wp-json\/wp\/v2\/media\/138746"}],"wp:attachment":[{"href":"https:\/\/vinasfm.com\/noticias\/wp-json\/wp\/v2\/media?parent=138745"}],"wp:term":[{"taxonomy":"category","embeddable":true,"href":"https:\/\/vinasfm.com\/noticias\/wp-json\/wp\/v2\/categories?post=138745"},{"taxonomy":"post_tag","embeddable":true,"href":"https:\/\/vinasfm.com\/noticias\/wp-json\/wp\/v2\/tags?post=138745"}],"curies":[{"name":"wp","href":"https:\/\/api.w.org\/{rel}","templated":true}]}}