{"id":138743,"date":"2024-08-23T09:05:49","date_gmt":"2024-08-23T12:05:49","guid":{"rendered":"https:\/\/vinasfm.com\/noticias\/?p=138743"},"modified":"2024-08-23T12:24:55","modified_gmt":"2024-08-23T15:24:55","slug":"villegas-defendio-al-codigo-de-aguas-y-sostuvo-que-es-necesario-darle-lugar-a-la-discusion-para-llegar-a-un-consenso","status":"publish","type":"post","link":"https:\/\/vinasfm.com\/noticias\/villegas-defendio-al-codigo-de-aguas-y-sostuvo-que-es-necesario-darle-lugar-a-la-discusion-para-llegar-a-un-consenso\/","title":{"rendered":"VILLEGAS DEFENDI\u00d3 AL C\u00d3DIGO DE AGUAS Y SOSTUVO QUE \u201cES NECESARIO DARLE LUGAR A LA DISCUSI\u00d3N PARA LLEGAR A UN CONSENSO\u201d"},"content":{"rendered":"<h4><span style=\"color: #000000;\">El proyecto presentado por el Departamento General de Irrigaci\u00f3n ha levantado un sin fin de dudas en los mendocinos. El Consejero por el R\u00edo Atuel<\/span><\/h4>\n<p><span style=\"color: #000000;\">En primer lugar, el funcionario se\u00f1al\u00f3 que <strong><em>\u00abes totalmente necesario que debates como este se produzcan y tengamos un intercambio de opiniones porque nos obliga a buscar un consenso. En esto importantes procesos de transformaciones sociales, siempre se necesitan m\u00e1s instancia para analizar y entender los proyectos\u00bb.<\/em><\/strong> Esta iniciativa, impulsada por el Sr. Gobernador Alfredo Cornejo, busca consolidar la institucionalidad del agua y la seguridad jur\u00eddica para la presente y las futuras generaciones.<\/span><\/p>\n<p><span style=\"color: #000000;\">En ese contexto, Villegas explic\u00f3 <em>que<strong> \u00abel anteproyecto estar\u00e1 listo reci\u00e9n el 15 de octubre, por el momento se est\u00e1 enriqueciendo en base a todas las opiniones generadas desde su presentaci\u00f3n\u00bb.<\/strong><\/em> Cuestionado, el funcionario justific\u00f3 la necesidad de modificar la Ley\u00a0 de Aguas; <strong><em>\u00abes necesario tener normas de juego claras dentro en u<span style=\"color: #000000;\">n C\u00f3digo en donde est\u00e9 todo ordenado y actualizado para un buen funcionamiento, esto se hace logrando un conceso con todos los involucrados\u00bb.<\/span><\/em><\/strong><\/span><\/p>\n<p><span style=\"color: #000000;\">Adem\u00e1s, el Consejero explic\u00f3 que<strong><em>\u201cel C\u00f3digo no puede cambiar lo que se encuentre en la Constituci\u00f3n Nacional ni en la Constituci\u00f3n Provincial, esto se debe a que tendr\u00e1 un car\u00e1cter de Ley. La inherencia, el DGI aut\u00f3nomo y aut\u00e1rquico, las inspecciones de cauces, est\u00e1 garantizado en la Constituci\u00f3n y si hay alg\u00fan art\u00edculo que va en contra contamos con resortes para que esto no suceda\u201d.<\/em><\/strong><\/span><\/p>\n<hr \/>\n<h4 style=\"text-align: center;\"><span style=\"color: #000000;\">\u201cNo hay que minimizar el poder de la ciudadan\u00eda\u201d<\/span><\/h4>\n<hr \/>\n<p><span style=\"color: #000000;\">Ante las diversas opiniones de los ciudadanos, Gustavo Villegas record\u00f3 la lucha de los mendocinos por el agua: <strong><em>\u201chist\u00f3ricamente, los ciudadanos se han hecho escuchar en Mendoza. No\u00a0 hay que minimizar el poder de la ciudadan\u00eda\u201d.<\/em><\/strong><\/span><\/p>\n<p><span style=\"color: #000000;\">Con el objetivo de seguir involucrando a los ciudadanos en la elaboraci\u00f3n del C\u00f3digo de Aguas, el funcionario adelant\u00f3 que <strong><em>\u201cpr\u00f3ximamente de desarrollar\u00e1n talleres participativo de forma presencial para que las personas puedan expresar sus inquietudes. Pedimos opiniones fundadas y que refieran a C\u00f3digo\u201d.<\/em><\/strong> \u00a0<\/span><\/p>\n","protected":false},"excerpt":{"rendered":"<p>El proyecto presentado por el Departamento General de Irrigaci\u00f3n ha levantado un sin fin de dudas en los mendocinos. El Consejero &#8230;<\/p>\n","protected":false},"author":7,"featured_media":138763,"comment_status":"open","ping_status":"open","sticky":false,"template":"","format":"standard","meta":{"footnotes":""},"categories":[5,206],"tags":[],"class_list":["post-138743","post","type-post","status-publish","format-standard","has-post-thumbnail","hentry","category-actualidad","category-codigo-de-agua"],"_links":{"self":[{"href":"https:\/\/vinasfm.com\/noticias\/wp-json\/wp\/v2\/posts\/138743","targetHints":{"allow":["GET"]}}],"collection":[{"href":"https:\/\/vinasfm.com\/noticias\/wp-json\/wp\/v2\/posts"}],"about":[{"href":"https:\/\/vinasfm.com\/noticias\/wp-json\/wp\/v2\/types\/post"}],"author":[{"embeddable":true,"href":"https:\/\/vinasfm.com\/noticias\/wp-json\/wp\/v2\/users\/7"}],"replies":[{"embeddable":true,"href":"https:\/\/vinasfm.com\/noticias\/wp-json\/wp\/v2\/comments?post=138743"}],"version-history":[{"count":2,"href":"https:\/\/vinasfm.com\/noticias\/wp-json\/wp\/v2\/posts\/138743\/revisions"}],"predecessor-version":[{"id":138764,"href":"https:\/\/vinasfm.com\/noticias\/wp-json\/wp\/v2\/posts\/138743\/revisions\/138764"}],"wp:featuredmedia":[{"embeddable":true,"href":"https:\/\/vinasfm.com\/noticias\/wp-json\/wp\/v2\/media\/138763"}],"wp:attachment":[{"href":"https:\/\/vinasfm.com\/noticias\/wp-json\/wp\/v2\/media?parent=138743"}],"wp:term":[{"taxonomy":"category","embeddable":true,"href":"https:\/\/vinasfm.com\/noticias\/wp-json\/wp\/v2\/categories?post=138743"},{"taxonomy":"post_tag","embeddable":true,"href":"https:\/\/vinasfm.com\/noticias\/wp-json\/wp\/v2\/tags?post=138743"}],"curies":[{"name":"wp","href":"https:\/\/api.w.org\/{rel}","templated":true}]}}