{"id":138697,"date":"2024-08-21T11:23:13","date_gmt":"2024-08-21T14:23:13","guid":{"rendered":"https:\/\/vinasfm.com\/noticias\/?p=138697"},"modified":"2024-08-22T10:21:22","modified_gmt":"2024-08-22T13:21:22","slug":"lactancia-libre-de-mitos-una-charla-en-apoyo-a-la-lactancia-materna","status":"publish","type":"post","link":"https:\/\/vinasfm.com\/noticias\/lactancia-libre-de-mitos-una-charla-en-apoyo-a-la-lactancia-materna\/","title":{"rendered":"\u201cLACTANCIA LIBRE DE MITOS\u201d, UNA CHARLA EN APOYO A LA LACTANCIA MATERNA"},"content":{"rendered":"<h4><span style=\"color: #000000;\">\u00a0\u00abCerrando la brecha: apoyo a la lactancia materna en todas las situaciones\u00bb, fue el lema utilizado en el Mes de la Lactancia Materna. El \u00a0Comit\u00e9 Departamental brindar\u00e1 una importante charla el pr\u00f3ximo lunes, en la Plaza Carlos Mar\u00eda de Alvear.<\/span><\/h4>\n<p><span style=\"color: #000000;\">Con el objetivo de desmitificar el acto de amamantar, el \u00c1rea de Salud del departamento en conjunto con el Comit\u00e9 Departamental de Lactancia Materna desarroll\u00f3 una serie de actividades y acciones durante el <a href=\"https:\/\/vinasfm.com\/noticias\/del-1-al-7-de-agosto-se-celebra-la-semana-mundial-de-la-lactancia-materna\/\">Mes de la Lactancia<\/a>.<em><strong> \u201cEsta charla cerrar\u00e1 las actividades que hemos estado desarrollando en los \u00faltimos d\u00edas, con el objetivo de apoyar a las madres lactantes y fomentar el acompa\u00f1amiento social, familiar y comunitario\u201d<\/strong><\/em>, expres\u00f3 <span style=\"color: #003366;\"><strong>Celeste Vilchez<\/strong><\/span> del <strong><span style=\"color: #008000;\">Municipio Saludable<\/span><\/strong>, en referencia al encuentro que se desarrollar\u00e1 el lunes 26 de agosto.<\/span><\/p>\n<p><span style=\"color: #000000;\">Este encuentro ser\u00e1 liderado por <span style=\"color: #003366;\"><strong>Alberto Rivas<\/strong><\/span>, especialista en nutrici\u00f3n materno infantil. Est\u00e1 destinada a madres lactantes, mujeres embarazadas y profesionales de la salud. <em><strong>\u201cSer\u00e1 un taller en donde se brindar\u00e1 informaci\u00f3n importante sobre los beneficios de la lactancia y concejos pr\u00e1cticos\u201d<\/strong><\/em>, explic\u00f3 Vilchez.<\/span><\/p>\n<p><span style=\"color: #000000;\">La actividad contar\u00e1 con el acompa\u00f1amiento de la <strong>Municipalidad<\/strong>, el <strong>\u00c1rea Sanitaria de General Alvear<\/strong>, el Municipio <strong>Saludable<\/strong>, <strong>OSEP<\/strong> y el <strong>Hospital Enfermeros Argentinos. <\/strong><\/span><\/p>\n","protected":false},"excerpt":{"rendered":"<p>\u00a0\u00abCerrando la brecha: apoyo a la lactancia materna en todas las situaciones\u00bb, fue el lema utilizado en el Mes de la &#8230;<\/p>\n","protected":false},"author":7,"featured_media":138698,"comment_status":"open","ping_status":"open","sticky":false,"template":"","format":"standard","meta":{"footnotes":""},"categories":[15,11],"tags":[],"class_list":["post-138697","post","type-post","status-publish","format-standard","has-post-thumbnail","hentry","category-salud","category-sociales"],"_links":{"self":[{"href":"https:\/\/vinasfm.com\/noticias\/wp-json\/wp\/v2\/posts\/138697","targetHints":{"allow":["GET"]}}],"collection":[{"href":"https:\/\/vinasfm.com\/noticias\/wp-json\/wp\/v2\/posts"}],"about":[{"href":"https:\/\/vinasfm.com\/noticias\/wp-json\/wp\/v2\/types\/post"}],"author":[{"embeddable":true,"href":"https:\/\/vinasfm.com\/noticias\/wp-json\/wp\/v2\/users\/7"}],"replies":[{"embeddable":true,"href":"https:\/\/vinasfm.com\/noticias\/wp-json\/wp\/v2\/comments?post=138697"}],"version-history":[{"count":1,"href":"https:\/\/vinasfm.com\/noticias\/wp-json\/wp\/v2\/posts\/138697\/revisions"}],"predecessor-version":[{"id":138699,"href":"https:\/\/vinasfm.com\/noticias\/wp-json\/wp\/v2\/posts\/138697\/revisions\/138699"}],"wp:featuredmedia":[{"embeddable":true,"href":"https:\/\/vinasfm.com\/noticias\/wp-json\/wp\/v2\/media\/138698"}],"wp:attachment":[{"href":"https:\/\/vinasfm.com\/noticias\/wp-json\/wp\/v2\/media?parent=138697"}],"wp:term":[{"taxonomy":"category","embeddable":true,"href":"https:\/\/vinasfm.com\/noticias\/wp-json\/wp\/v2\/categories?post=138697"},{"taxonomy":"post_tag","embeddable":true,"href":"https:\/\/vinasfm.com\/noticias\/wp-json\/wp\/v2\/tags?post=138697"}],"curies":[{"name":"wp","href":"https:\/\/api.w.org\/{rel}","templated":true}]}}