{"id":138688,"date":"2024-08-21T10:17:50","date_gmt":"2024-08-21T13:17:50","guid":{"rendered":"https:\/\/vinasfm.com\/noticias\/?p=138688"},"modified":"2024-08-22T09:21:24","modified_gmt":"2024-08-22T12:21:24","slug":"chanti-visitara-el-sur-mendocino-este-fin-de-semana","status":"publish","type":"post","link":"https:\/\/vinasfm.com\/noticias\/chanti-visitara-el-sur-mendocino-este-fin-de-semana\/","title":{"rendered":"CHANTI VISITAR\u00c1 EL SUR MENDOCINO ESTE FIN DE SEMANA"},"content":{"rendered":"<h4><span style=\"color: #000000;\">El destacado humorista gr\u00e1fico invita a conocer su fant\u00e1stico mundo y sus m\u00e1s entra\u00f1ables personajes. Con \u201cCharlas dibujadas\u201d, recorrer\u00e1 General Alvear y Malarg\u00fce. La entrada es gratuita y abierta a todo p\u00fablico.<\/span><\/h4>\n<p><span style=\"color: #000000;\">Santiago Gonz\u00e1lez Riga, m\u00e1s conocido como <span style=\"color: #003366;\"><strong>Chanti<\/strong><\/span>,\u00a0es un <strong>ilustrador e historietista nacido en Mendoza. Es uno de los creadores m\u00e1s prol\u00edficos que posee la historieta infantil argentina y cuenta con m\u00e1s de 40 libros editados,<\/strong> entre ellos \u201cMayor y Menor\u201d, \u201cFacu y Caf\u00e9 con Leche\u201d y \u201cPayunia City\u201d, entre otras publicaciones.<\/span><\/p>\n<p><span style=\"color: #000000;\">Este ciclo de charlas permite mantener el contacto con su p\u00fablico y, sobre todo, poder dialogar con sus admiradores m\u00e1s peque\u00f1os. Adem\u00e1s, una vez finalizadas se realizar\u00e1 una firma de libros<\/span><\/p>\n<p><strong><span style=\"color: #000000;\">El viernes 23, a las 15, visitar\u00e1 la escuela Carlos Mar\u00eda de Alvear, ubicada en calle Roca al 279, de Gral. Alvear. Adem\u00e1s, habr\u00e1 un sector de librer\u00edas con venta, firma de libros y campa\u00f1a de socios para la Biblioteca Domingo Faustino Sarmiento.<\/span><\/strong><\/p>\n<p><span style=\"color: #000000;\">En tanto el s\u00e1bado 24, a las 15, se presentar\u00e1 en la Biblioteca Municipal y Popular \u201cJos\u00e9 Hern\u00e1ndez\u201d, de Av. Rufino Ortega 800, casi Av. Gral. Roca, de Malarg\u00fce.<\/span><\/p>\n<p><span style=\"color: #000000;\">Los encuentros son posibles gracias al trabajo conjunto entre la Subsecretar\u00eda de Cultura de la Provincia y los municipios sure\u00f1os.\u00a0<\/span><\/p>\n<p><img decoding=\"async\" src=\"https:\/\/www.mendoza.gov.ar\/wp-content\/uploads\/sites\/5\/2024\/08\/Chanti-3.jpeg-700x467.jpg\" \/><\/p>\n<h2><span style=\"color: #000000;\"><strong>Chanti<\/strong><\/span><\/h2>\n<p><span style=\"color: #000000;\">Es el seud\u00f3nimo del humorista gr\u00e1fico <span style=\"color: #003366;\"><strong>Santiago Gonz\u00e1lez Riga<\/strong><\/span>. Naci\u00f3 en Mendoza en 1970.<strong> Su primera publicaci\u00f3n data de 1986 cuando ten\u00eda 16 a\u00f1os. En 1991 comienza a publicar profesionalmente su primera historieta:<\/strong> \u201cMate y Bombilla\u201d, en el Diario de Cuyo de San Juan, para luego publicar en otros medios cuyanos.<\/span><\/p>\n<p><span style=\"color: #000000;\">En Buenos Aires <strong>public\u00f3 en el diario La Prensa y durante varios a\u00f1os en la revista Billiken Video y revista Apertura.<\/strong> Sus trabajos aparecieron en la revista dominical Rumbos, La Valijita de Billiken y, desde 1996, en la revista de la Fundaci\u00f3n Vida Silvestre Argentina. Adem\u00e1s en las revistas: Vivir Nuevos Tiempos y El Cuaderno de los Padres, de Madrid, Espa\u00f1a.<\/span><\/p>\n<p><strong><span style=\"color: #000000;\">Ha recibido diferentes premios provinciales por sus historietas y cuentos infantiles. En el a\u00f1o 2005 recibi\u00f3 el Premio Santa Clara de As\u00eds por su historieta \u201cMayor y menor\u201d.<\/span><\/strong><\/p>\n<p><span style=\"color: #000000;\">Chanti\u00a0es miembro fundador de Banda Dibujada, Movimiento Cultural para la Difusi\u00f3n de la Historieta Infantil y Juvenil. Tambi\u00e9n es miembro fundador del C\u00edrculo del Cuadrito, asociaci\u00f3n de historietistas de Mendoza. En el 2006 fue distinguido por la Legislatura de Mendoza, por su aporte art\u00edstico y social.<\/span><\/p>\n<p><span style=\"color: #000000;\">Como autor integral tiene m\u00e1s de 40 libros publicados, principalmente historietas para chicos. Sus personajes m\u00e1s populares provienen de la tira \u201cMayor y Menor\u201d: Lola, Nacho y Tobi. La historieta est\u00e1 basada en la relaci\u00f3n de los hermanos y los celos, juegos y ense\u00f1anzas familiares.<\/span><\/p>\n","protected":false},"excerpt":{"rendered":"<p>El destacado humorista gr\u00e1fico invita a conocer su fant\u00e1stico mundo y sus m\u00e1s entra\u00f1ables personajes. Con \u201cCharlas dibujadas\u201d, recorrer\u00e1 General Alvear &#8230;<\/p>\n","protected":false},"author":7,"featured_media":138689,"comment_status":"open","ping_status":"open","sticky":false,"template":"","format":"standard","meta":{"footnotes":""},"categories":[19,11],"tags":[],"class_list":["post-138688","post","type-post","status-publish","format-standard","has-post-thumbnail","hentry","category-cultura","category-sociales"],"_links":{"self":[{"href":"https:\/\/vinasfm.com\/noticias\/wp-json\/wp\/v2\/posts\/138688","targetHints":{"allow":["GET"]}}],"collection":[{"href":"https:\/\/vinasfm.com\/noticias\/wp-json\/wp\/v2\/posts"}],"about":[{"href":"https:\/\/vinasfm.com\/noticias\/wp-json\/wp\/v2\/types\/post"}],"author":[{"embeddable":true,"href":"https:\/\/vinasfm.com\/noticias\/wp-json\/wp\/v2\/users\/7"}],"replies":[{"embeddable":true,"href":"https:\/\/vinasfm.com\/noticias\/wp-json\/wp\/v2\/comments?post=138688"}],"version-history":[{"count":1,"href":"https:\/\/vinasfm.com\/noticias\/wp-json\/wp\/v2\/posts\/138688\/revisions"}],"predecessor-version":[{"id":138690,"href":"https:\/\/vinasfm.com\/noticias\/wp-json\/wp\/v2\/posts\/138688\/revisions\/138690"}],"wp:featuredmedia":[{"embeddable":true,"href":"https:\/\/vinasfm.com\/noticias\/wp-json\/wp\/v2\/media\/138689"}],"wp:attachment":[{"href":"https:\/\/vinasfm.com\/noticias\/wp-json\/wp\/v2\/media?parent=138688"}],"wp:term":[{"taxonomy":"category","embeddable":true,"href":"https:\/\/vinasfm.com\/noticias\/wp-json\/wp\/v2\/categories?post=138688"},{"taxonomy":"post_tag","embeddable":true,"href":"https:\/\/vinasfm.com\/noticias\/wp-json\/wp\/v2\/tags?post=138688"}],"curies":[{"name":"wp","href":"https:\/\/api.w.org\/{rel}","templated":true}]}}