{"id":138678,"date":"2024-08-21T09:35:25","date_gmt":"2024-08-21T12:35:25","guid":{"rendered":"https:\/\/vinasfm.com\/noticias\/?p=138678"},"modified":"2024-08-22T09:22:21","modified_gmt":"2024-08-22T12:22:21","slug":"se-confirmo-cuanto-cobraran-los-jubilados-en-septiembre","status":"publish","type":"post","link":"https:\/\/vinasfm.com\/noticias\/se-confirmo-cuanto-cobraran-los-jubilados-en-septiembre\/","title":{"rendered":"SE CONFIRM\u00d3 CU\u00c1NTO COBRAR\u00c1N LOS JUBILADOS EN SEPTIEMBRE"},"content":{"rendered":"<h4><span style=\"color: #000000;\">La Administraci\u00f3n Nacional de la Seguridad Social (ANSES) dio a conocer el porcentaje de incremento.<\/span><\/h4>\n<p><span style=\"color: #000000;\">A la espera de la confirmaci\u00f3n oficial de un nuevo bono de $70.000 que el Gobierno otorga hace meses a\u00a0jubilados\u00a0que perciben la m\u00ednima, se dio a conocer de cu\u00e1nto ser\u00e1 el aumento que recibir\u00e1n en septiembre.<\/span><\/p>\n<p><span style=\"color: #000000;\">Teniendo en cuenta el \u00edndice de inflaci\u00f3n informado por el INDEC,\u00a0<strong>el incremento para el pr\u00f3ximo mes ser\u00e1 del 4%.<\/strong><\/span><\/p>\n<p><span style=\"color: #000000;\">De esta manera, los jubilados que perciben la m\u00ednima cobrar\u00e1n aproximadamente\u00a0<strong>$234.472,59<\/strong>. Este monto no incluye el bono adicional, que se espera que sea confirmado a finales de agosto.<\/span><\/p>\n<p><span style=\"color: #000000;\">En tanto, la ANSES tambi\u00e9n dio a conocer el\u00a0<strong>calendario de pago<\/strong>, que se distribuir\u00e1 de la siguiente manera:<\/span><\/p>\n<h2><span style=\"color: #000000;\"><strong>Jubilados y pensionados que cobran el haber m\u00ednimo<\/strong><\/span><\/h2>\n<ul class=\"wp-block-list\">\n<li><span style=\"color: #000000;\">DNI terminados en 0:<strong>\u00a0a partir del 9 de septiembre.<\/strong><\/span><\/li>\n<li><span style=\"color: #000000;\">DNI terminados en 1:\u00a0<strong>a partir del 10 de septiembre.<\/strong><\/span><\/li>\n<li><span style=\"color: #000000;\">DNI terminados en 2:\u00a0<strong>a partir del 11 de septiembre<\/strong>.<\/span><\/li>\n<li><span style=\"color: #000000;\">DNI terminados en 3:<strong>\u00a0a partir del 12 de septiembre.<\/strong><\/span><\/li>\n<li><span style=\"color: #000000;\">DNI terminados en 4:<strong>\u00a0a partir del 13 de septiembre.<\/strong><\/span><\/li>\n<li><span style=\"color: #000000;\">DNI terminados en 5:<strong>\u00a0a partir del 16 de septiembre.<\/strong><\/span><\/li>\n<li><span style=\"color: #000000;\">DNI terminados en 6:<strong>\u00a0a partir del 17 de septiembre.<\/strong><\/span><\/li>\n<li><span style=\"color: #000000;\">DNI terminados en 7:\u00a0<strong>a partir del 18 de septiembre.<\/strong><\/span><\/li>\n<li><span style=\"color: #000000;\">DNI terminados en 8<strong>: a partir del 19 de septiembre.<\/strong><\/span><\/li>\n<li><span style=\"color: #000000;\">DNI terminados en 9:\u00a0<strong>a partir del 20 de septiembre<\/strong>.<\/span><\/li>\n<\/ul>\n<h2><span style=\"color: #000000;\"><strong>Jubilados y pensionados que cobran m\u00e1s de un haber m\u00ednimo<\/strong><\/span><\/h2>\n<ul class=\"wp-block-list\">\n<li><span style=\"color: #000000;\">DNI terminados en 0 y 1:\u00a0<strong>a partir del 23 de septiembre.<\/strong><\/span><\/li>\n<li><span style=\"color: #000000;\">DNI terminados en 2 y 3:\u00a0<strong>a partir del 24 de septiembre.<\/strong><\/span><\/li>\n<li><span style=\"color: #000000;\">DNI terminados en 4 y 5:\u00a0<strong>a partir del 25 de septiembre.<\/strong><\/span><\/li>\n<li><span style=\"color: #000000;\">DNI terminados en 6 y 7:\u00a0<strong>a partir del 26 de septiembre.<\/strong><\/span><\/li>\n<li><span style=\"color: #000000;\">DNI terminados en 8 y 9:\u00a0<strong>a partir del 27 de septiembre<\/strong>.<\/span><\/li>\n<\/ul>\n","protected":false},"excerpt":{"rendered":"<p>La Administraci\u00f3n Nacional de la Seguridad Social (ANSES) dio a conocer el porcentaje de incremento. A la espera de la confirmaci\u00f3n &#8230;<\/p>\n","protected":false},"author":7,"featured_media":85272,"comment_status":"open","ping_status":"open","sticky":false,"template":"","format":"standard","meta":{"footnotes":""},"categories":[5,16],"tags":[],"class_list":["post-138678","post","type-post","status-publish","format-standard","has-post-thumbnail","hentry","category-actualidad","category-economia"],"_links":{"self":[{"href":"https:\/\/vinasfm.com\/noticias\/wp-json\/wp\/v2\/posts\/138678","targetHints":{"allow":["GET"]}}],"collection":[{"href":"https:\/\/vinasfm.com\/noticias\/wp-json\/wp\/v2\/posts"}],"about":[{"href":"https:\/\/vinasfm.com\/noticias\/wp-json\/wp\/v2\/types\/post"}],"author":[{"embeddable":true,"href":"https:\/\/vinasfm.com\/noticias\/wp-json\/wp\/v2\/users\/7"}],"replies":[{"embeddable":true,"href":"https:\/\/vinasfm.com\/noticias\/wp-json\/wp\/v2\/comments?post=138678"}],"version-history":[{"count":1,"href":"https:\/\/vinasfm.com\/noticias\/wp-json\/wp\/v2\/posts\/138678\/revisions"}],"predecessor-version":[{"id":138679,"href":"https:\/\/vinasfm.com\/noticias\/wp-json\/wp\/v2\/posts\/138678\/revisions\/138679"}],"wp:featuredmedia":[{"embeddable":true,"href":"https:\/\/vinasfm.com\/noticias\/wp-json\/wp\/v2\/media\/85272"}],"wp:attachment":[{"href":"https:\/\/vinasfm.com\/noticias\/wp-json\/wp\/v2\/media?parent=138678"}],"wp:term":[{"taxonomy":"category","embeddable":true,"href":"https:\/\/vinasfm.com\/noticias\/wp-json\/wp\/v2\/categories?post=138678"},{"taxonomy":"post_tag","embeddable":true,"href":"https:\/\/vinasfm.com\/noticias\/wp-json\/wp\/v2\/tags?post=138678"}],"curies":[{"name":"wp","href":"https:\/\/api.w.org\/{rel}","templated":true}]}}