{"id":138676,"date":"2024-08-21T09:25:48","date_gmt":"2024-08-21T12:25:48","guid":{"rendered":"https:\/\/vinasfm.com\/noticias\/?p=138676"},"modified":"2024-08-22T09:22:46","modified_gmt":"2024-08-22T12:22:46","slug":"regantes-vuelven-a-reunierse-en-bowen-para-debatir-el-anteproyecto-del-codigo-de-aguas","status":"publish","type":"post","link":"https:\/\/vinasfm.com\/noticias\/regantes-vuelven-a-reunierse-en-bowen-para-debatir-el-anteproyecto-del-codigo-de-aguas\/","title":{"rendered":"REGANTES VUELVEN A REUNIERSE EN BOWEN PARA DEBATIR EL ANTEPROYECTO DEL C\u00d3DIGO DE AGUAS"},"content":{"rendered":"<h4><span style=\"color: #000000;\">Tendr\u00e1 lugar el d\u00eda jueves, a las 18:30 horas, en la Asociaci\u00f3n de Inspecci\u00f3n de Cauces de Bowen<\/span><\/h4>\n<p><span style=\"color: #000000;\">Con la intenci\u00f3n de continuar el debate que tuvo lugar el pasado 8 de agosto en el Honorable Concejo Deliberante, en donde productores y distintas entidades solicitaron rechazo total y archivo del anteproyecto del C\u00f3digo de Aguas, regantes de Bowen planificaron un nuevo encuentro para continuar <strong>analizando a profundidad los aspectos m\u00e1s relevantes del proyecto.<\/strong><\/span><\/p>\n<p><span style=\"color: #000000;\">Ruben Ojcius, productor y referente del agro en General Alvear, explic\u00f3 que <strong>\u00aba\u00fan hay muchas dudas por parte de los productores, por eso se ha solicitado organizar una nueva reuni\u00f3n\u00bb.<\/strong> La misma contar\u00e1 con la participaci\u00f3n del <strong>\u00a0Doctor Marcelo Szklarz<\/strong>,<strong> el Doctor Juan Carlos Mart\u00ednez (<\/strong>integrantes de la multisectorial de Gral Alvear), y e<strong>l Ing. Martin Garbuio<\/strong><\/span><\/p>\n<p><span style=\"color: #000000;\"><strong>\u00abNo nos han explicado con mayor claridad algunos puntos muy importantes, lo cual nos preocupa mucho\u00bb<\/strong>, expuso Ojcius y se\u00f1al\u00f3 que <em><strong>\u00ablas inquietudes son enviadas al Departamento General de Irrigaci\u00f3n. No nos vamos a oponer a la mejora, pero si vamos a reclamar cuando empiecen a perjudicar a los productores\u00bb.\u00a0<\/strong><\/em><\/span><\/p>\n<p>&nbsp;<\/p>\n","protected":false},"excerpt":{"rendered":"<p>Tendr\u00e1 lugar el d\u00eda jueves, a las 18:30 horas, en la Asociaci\u00f3n de Inspecci\u00f3n de Cauces de Bowen Con la intenci\u00f3n &#8230;<\/p>\n","protected":false},"author":7,"featured_media":138270,"comment_status":"open","ping_status":"open","sticky":false,"template":"","format":"standard","meta":{"footnotes":""},"categories":[5,10],"tags":[],"class_list":["post-138676","post","type-post","status-publish","format-standard","has-post-thumbnail","hentry","category-actualidad","category-destacadas"],"_links":{"self":[{"href":"https:\/\/vinasfm.com\/noticias\/wp-json\/wp\/v2\/posts\/138676","targetHints":{"allow":["GET"]}}],"collection":[{"href":"https:\/\/vinasfm.com\/noticias\/wp-json\/wp\/v2\/posts"}],"about":[{"href":"https:\/\/vinasfm.com\/noticias\/wp-json\/wp\/v2\/types\/post"}],"author":[{"embeddable":true,"href":"https:\/\/vinasfm.com\/noticias\/wp-json\/wp\/v2\/users\/7"}],"replies":[{"embeddable":true,"href":"https:\/\/vinasfm.com\/noticias\/wp-json\/wp\/v2\/comments?post=138676"}],"version-history":[{"count":3,"href":"https:\/\/vinasfm.com\/noticias\/wp-json\/wp\/v2\/posts\/138676\/revisions"}],"predecessor-version":[{"id":138681,"href":"https:\/\/vinasfm.com\/noticias\/wp-json\/wp\/v2\/posts\/138676\/revisions\/138681"}],"wp:featuredmedia":[{"embeddable":true,"href":"https:\/\/vinasfm.com\/noticias\/wp-json\/wp\/v2\/media\/138270"}],"wp:attachment":[{"href":"https:\/\/vinasfm.com\/noticias\/wp-json\/wp\/v2\/media?parent=138676"}],"wp:term":[{"taxonomy":"category","embeddable":true,"href":"https:\/\/vinasfm.com\/noticias\/wp-json\/wp\/v2\/categories?post=138676"},{"taxonomy":"post_tag","embeddable":true,"href":"https:\/\/vinasfm.com\/noticias\/wp-json\/wp\/v2\/tags?post=138676"}],"curies":[{"name":"wp","href":"https:\/\/api.w.org\/{rel}","templated":true}]}}