{"id":138667,"date":"2024-08-20T16:54:28","date_gmt":"2024-08-20T19:54:28","guid":{"rendered":"https:\/\/vinasfm.com\/noticias\/?p=138667"},"modified":"2024-08-20T16:54:28","modified_gmt":"2024-08-20T19:54:28","slug":"el-plan-provincial-de-manejo-del-fuego-continua-capacitando-a-su-personal","status":"publish","type":"post","link":"https:\/\/vinasfm.com\/noticias\/el-plan-provincial-de-manejo-del-fuego-continua-capacitando-a-su-personal\/","title":{"rendered":"EL PLAN PROVINCIAL DE MANEJO DEL FUEGO CONTIN\u00daA CAPACITANDO A SU PERSONAL"},"content":{"rendered":"<h4>Ser\u00e1 un taller destinado a brigadistas y bomberos sobre \u201cRespuesta ante emergencias\u201d y se realizar\u00e1 el s\u00e1bado 24 en el Museo de la Educaci\u00f3n.<\/h4>\n<p>El Ministerio de Energ\u00eda y Ambiente, a trav\u00e9s del Plan Provincial de Manejo del Fuego, anuncia la pr\u00f3xima capacitaci\u00f3n destinada a brigadistas y bomberos que se realizar\u00e1 en el Museo de la Educaci\u00f3n \u2013antigua Escuela Mitre\u2013 el s\u00e1bado 24 de agosto de 8.30 a 16.30.<\/p>\n<p><em><strong>\u201cLa capacitaci\u00f3n tratar\u00e1 sobre el trabajo seguro en torno a las redes de media y alta tensi\u00f3n y ser\u00e1 dictado por la Compa\u00f1\u00eda de Transporte de Energ\u00eda El\u00e9ctrica en Alta Tensi\u00f3n Transener SA (Transener), empresa l\u00edder en el servicio p\u00fablico de transporte de energ\u00eda el\u00e9ctrica en extraalta tensi\u00f3n en la Rep\u00fablica Argentina<\/strong><\/em>\u201d, sostuvo el <strong>coordinador del Plan Provincial de Manejo del Fuego, <span style=\"color: #003366;\">Diego Mart\u00ed.<\/span><\/strong><\/p>\n<p>La disertaci\u00f3n estar\u00e1 a cargo de Rub\u00e9n Rodr\u00edguez, especialista certificado en protecci\u00f3n contra incendios de la consultora RAR.<\/p>\n<p><em><strong>\u201cAdem\u00e1s de capacitar a los brigadistas, se invit\u00f3, a trav\u00e9s de la Direcci\u00f3n Provincial de Defensa Civil, a los cuarteles de bomberos, ya que son ellos quienes suelen trabajar en fuegos de finca donde cruzan l\u00edneas de alta tensi\u00f3n\u201d<\/strong><\/em>, concluy\u00f3 Mart\u00ed.<\/p>\n","protected":false},"excerpt":{"rendered":"<p>Ser\u00e1 un taller destinado a brigadistas y bomberos sobre \u201cRespuesta ante emergencias\u201d y se realizar\u00e1 el s\u00e1bado 24 en el Museo &#8230;<\/p>\n","protected":false},"author":7,"featured_media":138668,"comment_status":"open","ping_status":"open","sticky":false,"template":"","format":"standard","meta":{"footnotes":""},"categories":[1],"tags":[],"class_list":["post-138667","post","type-post","status-publish","format-standard","has-post-thumbnail","hentry","category-fmvinas"],"_links":{"self":[{"href":"https:\/\/vinasfm.com\/noticias\/wp-json\/wp\/v2\/posts\/138667","targetHints":{"allow":["GET"]}}],"collection":[{"href":"https:\/\/vinasfm.com\/noticias\/wp-json\/wp\/v2\/posts"}],"about":[{"href":"https:\/\/vinasfm.com\/noticias\/wp-json\/wp\/v2\/types\/post"}],"author":[{"embeddable":true,"href":"https:\/\/vinasfm.com\/noticias\/wp-json\/wp\/v2\/users\/7"}],"replies":[{"embeddable":true,"href":"https:\/\/vinasfm.com\/noticias\/wp-json\/wp\/v2\/comments?post=138667"}],"version-history":[{"count":1,"href":"https:\/\/vinasfm.com\/noticias\/wp-json\/wp\/v2\/posts\/138667\/revisions"}],"predecessor-version":[{"id":138669,"href":"https:\/\/vinasfm.com\/noticias\/wp-json\/wp\/v2\/posts\/138667\/revisions\/138669"}],"wp:featuredmedia":[{"embeddable":true,"href":"https:\/\/vinasfm.com\/noticias\/wp-json\/wp\/v2\/media\/138668"}],"wp:attachment":[{"href":"https:\/\/vinasfm.com\/noticias\/wp-json\/wp\/v2\/media?parent=138667"}],"wp:term":[{"taxonomy":"category","embeddable":true,"href":"https:\/\/vinasfm.com\/noticias\/wp-json\/wp\/v2\/categories?post=138667"},{"taxonomy":"post_tag","embeddable":true,"href":"https:\/\/vinasfm.com\/noticias\/wp-json\/wp\/v2\/tags?post=138667"}],"curies":[{"name":"wp","href":"https:\/\/api.w.org\/{rel}","templated":true}]}}