{"id":138661,"date":"2024-08-20T11:51:43","date_gmt":"2024-08-20T14:51:43","guid":{"rendered":"https:\/\/vinasfm.com\/noticias\/?p=138661"},"modified":"2024-08-21T10:24:32","modified_gmt":"2024-08-21T13:24:32","slug":"la-nacion-desregulo-el-mercado-del-gas-y-ya-no-hay-tope-para-el-precio-de-las-garrafas","status":"publish","type":"post","link":"https:\/\/vinasfm.com\/noticias\/la-nacion-desregulo-el-mercado-del-gas-y-ya-no-hay-tope-para-el-precio-de-las-garrafas\/","title":{"rendered":"NACI\u00d3N DESREGUL\u00d3 EL MERCADO DEL GAS Y YA NO HAY TOPE PARA EL PRECIO DE LAS GARRAFAS"},"content":{"rendered":"<h4>La medida se tom\u00f3 \u201ca fin de liberar de regulaciones de precios al sistema\u201d. Energ\u00eda tambi\u00e9n fijo precios de referencia para la garrafa de gas.<\/h4>\n<article class=\"article-body first\">\n<div class=\"article-content\">\n<div class=\"cuerpo\" data-twitter-link=\"\">\n<p>La Secretar\u00eda de Energ\u00eda\u00a0<strong>desregul\u00f3 el mercado del<a href=\"https:\/\/www.diariouno.com.ar\/tags\/gas\" target=\"_blank\" rel=\"follow noopener\">\u00a0gas envasado<\/a><\/strong>\u00a0y elimin\u00f3 los precios m\u00e1ximos de referencia de las\u00a0<strong>garrafas<\/strong>, por lo que desde ahora lo que pagan los usuarios no tendr\u00e1 otro tope que lo que marque la l\u00f3gica de la oferta y la demanda.<\/p>\n<\/div>\n<\/div>\n<\/article>\n<article class=\"article-body\">\n<div class=\"article-content\">\n<div class=\"cuerpo\" data-twitter-link=\"\">\n<p>El \u00e1rea que conduce Eduardo Rodr\u00edguez Chirillo decidi\u00f3\u00a0<strong>desregular los precios de la industria y comercializaci\u00f3n del Gas Licuado de Petr\u00f3leo (GLP)<\/strong>, que incluyen los valores de referencia de las garrafas, mediante la Resoluci\u00f3n 216\/2024 publicada en el Bolet\u00edn Oficial de la Naci\u00f3n.<\/p>\n<p>La normativa dispuso que \u201ca fin de liberar de regulaciones de precios al sistema,<strong>\u00a0resulta necesario dejar de aplicar \u2018Precios M\u00e1ximos de Referencia\u2019<\/strong>\u00a0para las etapas de fraccionamiento, distribuci\u00f3n y venta al p\u00fablico de\u00a0<strong>garrafas\u00a0<\/strong>a fin de continuar estableciendo \u00fanicamente \u2018Precios de Referencia\u2019, sin un tope que obstaculice la cobertura de la real variaci\u00f3n experimentada en los costos observados en los segmentos de fraccionamiento, distribuci\u00f3n y comercio minorista\u201d.<\/p>\n<p>Al explicar la finalidad de la decisi\u00f3n, el texto oficial precis\u00f3 que \u201cla presente medida tiene por objetivo dejar de obstruir el ejercicio de las<strong>\u00a0libertades individuales<\/strong>\u00a0en el \u00e1mbito contractual conforme los principios de libertad de mercado\u201d.<\/p>\n<p>Adem\u00e1s, remarc\u00f3 que \u201cla desregulaci\u00f3n del mercado de precios de GLP<strong>\u00a0producir\u00e1 una mayor eficiencia en lo econ\u00f3mico y estimular\u00e1 la inversi\u00f3n<\/strong>, produciendo de esta forma una mejora progresiva en cuanto a una amplia competencia, logrando elevar al mercado de GLP local a est\u00e1ndares internacionales\u201d.<\/p>\n<p>La medida forma parte de las disposiciones en materia de desregulaci\u00f3n fijadas en el\u00a0<strong>DNU 70\/2023<\/strong>\u00a0en el que se estableci\u00f3 \u201ccomo objetivo de pol\u00edtica nacional el<strong>\u00a0funcionamiento libre de los mercados<\/strong>\u00a0energ\u00e9ticos en todos sus alcances\u201d, por lo que en relaci\u00f3n al GLP se determin\u00f3 que \u201clos criterios normativos vinculados al sector deben armonizarse con los objetivos de pol\u00edtica nacional que habr\u00e1n de regir el sector energ\u00e9tico en su integralidad\u201d.<\/p>\n<h2>Actualizaron el precio de referencia de la garrafa del gas<\/h2>\n<p>En este marco y bajo la renovada denominaci\u00f3n, Energ\u00eda tambi\u00e9n actualiz\u00f3 el<strong>\u00a0\u201cprecio de referencia\u201d\u00a0<\/strong>de las garrafas de 10 kg en\u00a0<strong>$8.500<\/strong>, la de 12 kg a un valor de\u00a0<strong>$10.200<\/strong>\u00a0y la de 15 kg a\u00a0<strong>$12.750<\/strong>, incluyendo impuestos.<\/p>\n<p>Asimismo, derog\u00f3 \u201clos apartamientos m\u00e1ximos permitidos\u201d, un c\u00e1lculo que se hac\u00eda por jurisdicci\u00f3n con el fin de fijar el<strong>\u00a0precio de las garrafas\u00a0<\/strong>para los hogares seg\u00fan el costo log\u00edstico para las distintas zonas del pa\u00eds.<\/p>\n<p>La desregulaci\u00f3n de los precios de las garrafas abarca al Programa Hogar, que consiste en un subsidio otorgado por la secretar\u00eda energ\u00e9tica y ANSES que cubre el 80% del valor efectivo de la\u00a0<strong>garrafa\u00a0<\/strong>de 10 kg.<\/p>\n<p>&nbsp;<\/p>\n<\/div>\n<\/div>\n<\/article>\n","protected":false},"excerpt":{"rendered":"<p>La medida se tom\u00f3 \u201ca fin de liberar de regulaciones de precios al sistema\u201d. Energ\u00eda tambi\u00e9n fijo precios de referencia para &#8230;<\/p>\n","protected":false},"author":7,"featured_media":110083,"comment_status":"open","ping_status":"open","sticky":false,"template":"","format":"standard","meta":{"footnotes":""},"categories":[5,16],"tags":[],"class_list":["post-138661","post","type-post","status-publish","format-standard","has-post-thumbnail","hentry","category-actualidad","category-economia"],"_links":{"self":[{"href":"https:\/\/vinasfm.com\/noticias\/wp-json\/wp\/v2\/posts\/138661","targetHints":{"allow":["GET"]}}],"collection":[{"href":"https:\/\/vinasfm.com\/noticias\/wp-json\/wp\/v2\/posts"}],"about":[{"href":"https:\/\/vinasfm.com\/noticias\/wp-json\/wp\/v2\/types\/post"}],"author":[{"embeddable":true,"href":"https:\/\/vinasfm.com\/noticias\/wp-json\/wp\/v2\/users\/7"}],"replies":[{"embeddable":true,"href":"https:\/\/vinasfm.com\/noticias\/wp-json\/wp\/v2\/comments?post=138661"}],"version-history":[{"count":2,"href":"https:\/\/vinasfm.com\/noticias\/wp-json\/wp\/v2\/posts\/138661\/revisions"}],"predecessor-version":[{"id":138691,"href":"https:\/\/vinasfm.com\/noticias\/wp-json\/wp\/v2\/posts\/138661\/revisions\/138691"}],"wp:featuredmedia":[{"embeddable":true,"href":"https:\/\/vinasfm.com\/noticias\/wp-json\/wp\/v2\/media\/110083"}],"wp:attachment":[{"href":"https:\/\/vinasfm.com\/noticias\/wp-json\/wp\/v2\/media?parent=138661"}],"wp:term":[{"taxonomy":"category","embeddable":true,"href":"https:\/\/vinasfm.com\/noticias\/wp-json\/wp\/v2\/categories?post=138661"},{"taxonomy":"post_tag","embeddable":true,"href":"https:\/\/vinasfm.com\/noticias\/wp-json\/wp\/v2\/tags?post=138661"}],"curies":[{"name":"wp","href":"https:\/\/api.w.org\/{rel}","templated":true}]}}