{"id":138658,"date":"2024-08-19T18:37:15","date_gmt":"2024-08-19T21:37:15","guid":{"rendered":"https:\/\/vinasfm.com\/noticias\/?p=138658"},"modified":"2024-08-21T08:50:34","modified_gmt":"2024-08-21T11:50:34","slug":"codigo-de-aguas-vilches-sostuvo-que-es-necesario-que-el-anteproyecto-abarque-todas-las-opiniones-de-los-actores-involucrados","status":"publish","type":"post","link":"https:\/\/vinasfm.com\/noticias\/codigo-de-aguas-vilches-sostuvo-que-es-necesario-que-el-anteproyecto-abarque-todas-las-opiniones-de-los-actores-involucrados\/","title":{"rendered":"C\u00d3DIGO DE AGUAS: VILCHES SOSTUVO QUE ES NECESARIO QUE \u201cEL ANTEPROYECTO ABARQUE TODAS LAS OPINIONES DE LOS ACTORES INVOLUCRADOS\u201d"},"content":{"rendered":"<h4><span style=\"color: #000000;\">Irrigaci\u00f3n contin\u00faa presentando en anteproyecto en las diferentes cuencas de la provincia. Ante las inquietudes de varias asociaciones y c\u00e1maras,\u00a0<b>se otorg\u00f3 tiempo hasta el 15 de octubre para que los actores realicen aportes.<\/b><\/span><\/h4>\n<p><span style=\"color: #000000;\">Hace una semana, el diputado radical <span style=\"color: #003366;\"><strong>Jos\u00e9 Vilches<\/strong><\/span> fue parte de una importante reuni\u00f3n con Superintendente General de Irrigaci\u00f3n y dem\u00e1s asesores, en donde brindaron m\u00e1s explicaciones del anteproyecto.<strong> Este nuevo marco legal busca unificar, actualizar y proporcionar mayor transparencia y equidad en la administraci\u00f3n del agua, bas\u00e1ndose en la Ley de Aguas que ha regido desde 1884.<\/strong><\/span><\/p>\n<p><span style=\"color: #000000;\"><em><strong>\u201cSabemos que se est\u00e1 recabando informaci\u00f3n y las observaciones que cada entidad puede hacer para poder avanzar con el anteproyecto\u201d<\/strong><\/em>, se\u00f1al\u00f3 el diputado y asegur\u00f3 que <em><strong>\u201ccada actor est\u00e1 haciendo los aportes de acuerdo a su mirada\u201d.<\/strong><\/em><\/span><\/p>\n<p><span style=\"color: #000000;\">As\u00ed mismo, Vilches asegur\u00f3 que<em><strong> \u201cpor el momento no ha ingresado nada a la C\u00e1mara de Diputados ni de Senadores ya que el proyecto se est\u00e1 elaborando de a poco. Hemos podido observar que hay inter\u00e9s de que haya un C\u00f3digo que re\u00fana todo lo relacionado con el agua en nuestra provincia, pero por su puesto hay diferentes miradas\u201d.<\/strong><\/em><\/span><em><strong> \u00a0<\/strong><\/em><\/p>\n<p><img loading=\"lazy\" decoding=\"async\" class=\"\" src=\"https:\/\/www.losandes.com.ar\/resizer\/tCh2xY_HoTMdG3J2jHn5WpnL4Pc=\/1023x682\/smart\/cloudfront-us-east-1.images.arcpublishing.com\/grupoclarin\/YK5T3DHWERDTBBDRQYKRI5UGYE.jpg\" alt=\"Foto: Los Andes\" width=\"599\" height=\"399\" \/><\/p>\n<p><span style=\"color: #000000;\">A ra\u00edz de un pedido por parte de los actores involucrados el DGI extendi\u00f3 el plazo hasta el 15 de octubre para que la ciudadan\u00eda analice y realice aportes. Sin embargo,\u00a0<strong>desde el sector productivo plantean que necesitan m\u00e1s tiempo para analizar las implicancias de ciertas modificaciones<\/strong>.<\/span><\/p>\n<p><span style=\"color: #000000;\">Seg\u00fan algunas entidades de la regi\u00f3n Este de la provincia <strong><em>\u201cse est\u00e1n realizando tantas modificaciones que resulta imposible hacer una evaluaci\u00f3n posible\u201d,<\/em><\/strong> en respuesta el Diputado por el 4\u00b0 Distrito sostuvo que <strong><em>\u201cse sigue trabajando en la redacci\u00f3n del proyecto, es importante que vaya evolucionando y abarcando las distintas opiniones. Necesitamos que abarque la mirada de toda la ciudadan\u00eda porque va a ser un C\u00f3digo para muchos a\u00f1os\u201d.<\/em><\/strong><\/span><\/p>\n","protected":false},"excerpt":{"rendered":"<p>Irrigaci\u00f3n contin\u00faa presentando en anteproyecto en las diferentes cuencas de la provincia. Ante las inquietudes de varias asociaciones y c\u00e1maras,\u00a0se otorg\u00f3 &#8230;<\/p>\n","protected":false},"author":7,"featured_media":138674,"comment_status":"open","ping_status":"open","sticky":false,"template":"","format":"standard","meta":{"footnotes":""},"categories":[5,37],"tags":[],"class_list":["post-138658","post","type-post","status-publish","format-standard","has-post-thumbnail","hentry","category-actualidad","category-irrigacion"],"_links":{"self":[{"href":"https:\/\/vinasfm.com\/noticias\/wp-json\/wp\/v2\/posts\/138658","targetHints":{"allow":["GET"]}}],"collection":[{"href":"https:\/\/vinasfm.com\/noticias\/wp-json\/wp\/v2\/posts"}],"about":[{"href":"https:\/\/vinasfm.com\/noticias\/wp-json\/wp\/v2\/types\/post"}],"author":[{"embeddable":true,"href":"https:\/\/vinasfm.com\/noticias\/wp-json\/wp\/v2\/users\/7"}],"replies":[{"embeddable":true,"href":"https:\/\/vinasfm.com\/noticias\/wp-json\/wp\/v2\/comments?post=138658"}],"version-history":[{"count":3,"href":"https:\/\/vinasfm.com\/noticias\/wp-json\/wp\/v2\/posts\/138658\/revisions"}],"predecessor-version":[{"id":138687,"href":"https:\/\/vinasfm.com\/noticias\/wp-json\/wp\/v2\/posts\/138658\/revisions\/138687"}],"wp:featuredmedia":[{"embeddable":true,"href":"https:\/\/vinasfm.com\/noticias\/wp-json\/wp\/v2\/media\/138674"}],"wp:attachment":[{"href":"https:\/\/vinasfm.com\/noticias\/wp-json\/wp\/v2\/media?parent=138658"}],"wp:term":[{"taxonomy":"category","embeddable":true,"href":"https:\/\/vinasfm.com\/noticias\/wp-json\/wp\/v2\/categories?post=138658"},{"taxonomy":"post_tag","embeddable":true,"href":"https:\/\/vinasfm.com\/noticias\/wp-json\/wp\/v2\/tags?post=138658"}],"curies":[{"name":"wp","href":"https:\/\/api.w.org\/{rel}","templated":true}]}}