{"id":138652,"date":"2024-08-20T10:55:07","date_gmt":"2024-08-20T13:55:07","guid":{"rendered":"https:\/\/vinasfm.com\/noticias\/?p=138652"},"modified":"2024-08-21T10:27:27","modified_gmt":"2024-08-21T13:27:27","slug":"mal-tiempo-en-alta-montana-cierran-el-paso-cristo-redentor-de-forma-preventiva","status":"publish","type":"post","link":"https:\/\/vinasfm.com\/noticias\/mal-tiempo-en-alta-montana-cierran-el-paso-cristo-redentor-de-forma-preventiva\/","title":{"rendered":"MAL TIEMPO EN ALTA MONTA\u00d1A: CIERRAN EL PASO CRISTO REDENTOR DE FORMA PREVENTIVA"},"content":{"rendered":"<h4 class=\"h3 col-12 md-col-8 font-src black-3 mb1\"><span style=\"color: #000000;\">Pidieron a los usuarios que antes de emprender un viaja al pa\u00eds vecino revisen el estado del tiempo y del Corredor Internacional.<\/span><\/h4>\n<p><span style=\"color: #000000;\">Debido a las malas condiciones clim\u00e1ticas en la zona de\u00a0<b>Alta Monta\u00f1a<\/b>, este mi\u00e9rcoles el Paso Internacional<b>\u00a0<\/b>permanecer\u00e1 cerrado para todo tipo de veh\u00edculos.<\/span><\/p>\n<p><span style=\"color: #000000;\"><b>\u201cEn ambos lados de la cordillera prevalecer\u00e1 un frente de inestabilidad con nevadas intermitentes, vientos y bajas temperaturas\u201d,\u00a0<\/b>explicaron en el texto emitido durante la tarde del martes. Adem\u00e1s, se\u00f1alaron que las condiciones afectar\u00e1n el tr\u00e1nsito de la ruta. Por \u00faltimo, pidieron a los usuarios que al momento de planificar su viaje se informen sobre el estado del Paso, transitabilidad de la ruta nacional 7 y el clima en Alta Monta\u00f1a.<\/span><\/p>\n<p>&nbsp;<\/p>\n<p>Adem\u00e1s, adelantaron que continuar\u00e1n evaluando las condiciones en Alta Monta\u00f1a evaluar\u00e1n para decidir la situaci\u00f3n del Paso Internacional.<\/p>\n<p>&nbsp;<\/p>\n","protected":false},"excerpt":{"rendered":"<p>Pidieron a los usuarios que antes de emprender un viaja al pa\u00eds vecino revisen el estado del tiempo y del Corredor &#8230;<\/p>\n","protected":false},"author":7,"featured_media":138066,"comment_status":"open","ping_status":"open","sticky":false,"template":"","format":"standard","meta":{"footnotes":""},"categories":[5,204],"tags":[],"class_list":["post-138652","post","type-post","status-publish","format-standard","has-post-thumbnail","hentry","category-actualidad","category-paso-redentor"],"_links":{"self":[{"href":"https:\/\/vinasfm.com\/noticias\/wp-json\/wp\/v2\/posts\/138652","targetHints":{"allow":["GET"]}}],"collection":[{"href":"https:\/\/vinasfm.com\/noticias\/wp-json\/wp\/v2\/posts"}],"about":[{"href":"https:\/\/vinasfm.com\/noticias\/wp-json\/wp\/v2\/types\/post"}],"author":[{"embeddable":true,"href":"https:\/\/vinasfm.com\/noticias\/wp-json\/wp\/v2\/users\/7"}],"replies":[{"embeddable":true,"href":"https:\/\/vinasfm.com\/noticias\/wp-json\/wp\/v2\/comments?post=138652"}],"version-history":[{"count":5,"href":"https:\/\/vinasfm.com\/noticias\/wp-json\/wp\/v2\/posts\/138652\/revisions"}],"predecessor-version":[{"id":138693,"href":"https:\/\/vinasfm.com\/noticias\/wp-json\/wp\/v2\/posts\/138652\/revisions\/138693"}],"wp:featuredmedia":[{"embeddable":true,"href":"https:\/\/vinasfm.com\/noticias\/wp-json\/wp\/v2\/media\/138066"}],"wp:attachment":[{"href":"https:\/\/vinasfm.com\/noticias\/wp-json\/wp\/v2\/media?parent=138652"}],"wp:term":[{"taxonomy":"category","embeddable":true,"href":"https:\/\/vinasfm.com\/noticias\/wp-json\/wp\/v2\/categories?post=138652"},{"taxonomy":"post_tag","embeddable":true,"href":"https:\/\/vinasfm.com\/noticias\/wp-json\/wp\/v2\/tags?post=138652"}],"curies":[{"name":"wp","href":"https:\/\/api.w.org\/{rel}","templated":true}]}}