{"id":138649,"date":"2024-08-20T10:10:48","date_gmt":"2024-08-20T13:10:48","guid":{"rendered":"https:\/\/vinasfm.com\/noticias\/?p=138649"},"modified":"2024-08-21T09:56:37","modified_gmt":"2024-08-21T12:56:37","slug":"el-director-del-hospital-enfermeros-argentinos-se-refirio-a-la-atencion-de-extranjeros-y-sostuvo-que-los-pacientes-no-son-mutuales","status":"publish","type":"post","link":"https:\/\/vinasfm.com\/noticias\/el-director-del-hospital-enfermeros-argentinos-se-refirio-a-la-atencion-de-extranjeros-y-sostuvo-que-los-pacientes-no-son-mutuales\/","title":{"rendered":"EL DIRECTOR DEL HOSPITAL ENFERMEROS ARGENTINOS SE REFIRI\u00d3 A LA ATENCI\u00d3N DE EXTRANJEROS Y SOSTUVO QUE \u201cLOS PACIENTES NO SON MUTUALES\u201d"},"content":{"rendered":"<h4><span style=\"color: #000000;\">El pasado s\u00e1bado, un adolescente de nacionalidad chilena fue operado en el nosocomio local tras sufrir una fractura durante su participaci\u00f3n en las Olimpiadas de la Escuela de Agricultura.<\/span><\/h4>\n<p><span style=\"color: #000000;\">Mendoza ha puesto en marcha el plan para cobrar la atenci\u00f3n sanitaria a extranjeros, tal y como funciona en otras provincias. De esta manera, <strong>aquellos ciudadanos con ciudadan\u00eda extranjera que sean atendidos en los efectores p\u00fablicos deber\u00e1n abonar las consultas y los tratamientos.<\/strong><\/span><\/p>\n<p><span style=\"color: #000000;\">El pasado viernes, un adolescente chileno <strong>sufri\u00f3 una fractura de tobillo<\/strong> durante su participaci\u00f3n en las 59\u00b0 Olimpiadas, <strong>en la jornada del s\u00e1bado fue operado en el Hospital Enfermeros Argentinos y se encuentra en recuperaci\u00f3n.<\/strong> Si bien se esperaba que el joven pudiera retornar a su pa\u00eds junto a la delegaci\u00f3n chilena en la jornada del lunes, el regreso fue imposible debido a que vive en una zona monta\u00f1osa; <em><strong>\u201cEl traslado de una ambulancia nosotros lo podemos hacer hasta Mendoza, pero de ah\u00ed en adelante no pueden pasar las fronteras las ambulancias de esta provincia\u00bb<\/strong><\/em>, explic\u00f3 <strong><span style=\"color: #003366;\">Alejandro Torres<\/span><\/strong>, <strong>el director del Hospital Enfermeros Argentinos.<\/strong><\/span><\/p>\n<p><span style=\"color: #000000;\">As\u00ed mismo, Torres se\u00f1al\u00f3 que <em><strong>\u201cpor decisi\u00f3n pol\u00edtica sanitaria, se decidi\u00f3 no cobrarle la atenci\u00f3n al paciente porque lo importante era atender la urgencia\u201d.<\/strong><\/em> Seg\u00fan el Decreto N\u00b0 1266, con fecha del 28 de junio de 2024, <strong>los gastos de la asistencia m\u00e9dica recibida deber\u00e1n ser solventados por los propios pacientes.<\/strong><\/span><\/p>\n<p><span style=\"color: #000000;\"><em><strong>\u201cLos pacientes no son obras sociales\u201d<\/strong><\/em>, justific\u00f3 el director del nosocomio local y explic\u00f3 que<em><strong> \u201cla prioridad es la atenci\u00f3n y luego se inicia el proceso administrativo para el reembolso de los servicios prestados\u201d.<\/strong> <\/em>Consultado por medios locales, Torres asegur\u00f3 que <em><strong>\u201cs\u00ed se cobrar\u00e1 la atenci\u00f3n, pero en el hospital lo importante es el paciente\u201d.<\/strong><\/em><\/span><\/p>\n<p><span style=\"color: #000000;\">En cuanto al c\u00f3mo se realiza el cobro, el profesional de salud se\u00f1al\u00f3 que <strong><em>\u201cprimero se realiza la atenci\u00f3n, luego se elabora la historia cl\u00ednica y se env\u00edan las facturas con los gastos realizados. En este caso la cubertura cobre por parte del seguro de los chicos\u201d.<\/em><\/strong><\/span><\/p>\n","protected":false},"excerpt":{"rendered":"<p>El pasado s\u00e1bado, un adolescente de nacionalidad chilena fue operado en el nosocomio local tras sufrir una fractura durante su participaci\u00f3n &#8230;<\/p>\n","protected":false},"author":7,"featured_media":21693,"comment_status":"open","ping_status":"open","sticky":false,"template":"","format":"standard","meta":{"footnotes":""},"categories":[10,15],"tags":[],"class_list":["post-138649","post","type-post","status-publish","format-standard","has-post-thumbnail","hentry","category-destacadas","category-salud"],"_links":{"self":[{"href":"https:\/\/vinasfm.com\/noticias\/wp-json\/wp\/v2\/posts\/138649","targetHints":{"allow":["GET"]}}],"collection":[{"href":"https:\/\/vinasfm.com\/noticias\/wp-json\/wp\/v2\/posts"}],"about":[{"href":"https:\/\/vinasfm.com\/noticias\/wp-json\/wp\/v2\/types\/post"}],"author":[{"embeddable":true,"href":"https:\/\/vinasfm.com\/noticias\/wp-json\/wp\/v2\/users\/7"}],"replies":[{"embeddable":true,"href":"https:\/\/vinasfm.com\/noticias\/wp-json\/wp\/v2\/comments?post=138649"}],"version-history":[{"count":2,"href":"https:\/\/vinasfm.com\/noticias\/wp-json\/wp\/v2\/posts\/138649\/revisions"}],"predecessor-version":[{"id":138651,"href":"https:\/\/vinasfm.com\/noticias\/wp-json\/wp\/v2\/posts\/138649\/revisions\/138651"}],"wp:featuredmedia":[{"embeddable":true,"href":"https:\/\/vinasfm.com\/noticias\/wp-json\/wp\/v2\/media\/21693"}],"wp:attachment":[{"href":"https:\/\/vinasfm.com\/noticias\/wp-json\/wp\/v2\/media?parent=138649"}],"wp:term":[{"taxonomy":"category","embeddable":true,"href":"https:\/\/vinasfm.com\/noticias\/wp-json\/wp\/v2\/categories?post=138649"},{"taxonomy":"post_tag","embeddable":true,"href":"https:\/\/vinasfm.com\/noticias\/wp-json\/wp\/v2\/tags?post=138649"}],"curies":[{"name":"wp","href":"https:\/\/api.w.org\/{rel}","templated":true}]}}